{"id":1133,"date":"2023-02-12T16:59:11","date_gmt":"2023-02-12T19:59:11","guid":{"rendered":"https:\/\/wistor.com.br\/blog\/?p=1133"},"modified":"2024-07-24T22:00:28","modified_gmt":"2024-07-25T01:00:28","slug":"qual-o-preco-de-um-guarda-moveis-na-zona-norte-de-sao-paulo","status":"publish","type":"post","link":"https:\/\/wistor.com.br\/blog\/qual-o-preco-de-um-guarda-moveis-na-zona-norte-de-sao-paulo\/","title":{"rendered":"Qual o pre\u00e7o de um guarda m\u00f3veis e self storage na zona norte de S\u00e3o Paulo?"},"content":{"rendered":"<p style=\"text-align: justify;\">Seguindo o roteiro de <strong>\u201cpre\u00e7os de guarda m\u00f3veis no munic\u00edpio de S\u00e3o Paulo\u201d<\/strong>, este post aborda os pre\u00e7os m\u00e9dios praticados na zona norte da capital paulistana. A ideia aqui \u00e9 comunicar de maneira sucinta, o valor m\u00e9dio do metro quadrado (m\u00b2) cobrado por empresas de guarda m\u00f3veis\/self storage em diferentes regi\u00f5es de S\u00e3o Paulo.<\/p>\n<p><strong>Regi\u00f5es analisadas na Zona Norte<\/strong><\/p>\n<p style=\"text-align: justify;\">A Wistor pesquisou o pre\u00e7o de unidades de guarda m\u00f3veis\/self storage localizadas nos bairros <strong>Casa Verde<\/strong>, <strong>Lim\u00e3o<\/strong> e <strong>Vila\u00a0 Siqueira<\/strong>.<\/p>\n<h3 style=\"text-align: justify;\">Pre\u00e7os e Dicas<\/h3>\n<p style=\"text-align: justify;\">A Wistor observou um pre\u00e7o m\u00e9dio de <strong>R$ 68 m\u00b2\/m\u00eas<\/strong>, onde o menor pre\u00e7o encontrado foi de <strong>R$ 50 m\u00b2\/m\u00eas<\/strong> e o maior, de <strong>R$ 85,00 m\u00b2\/m\u00eas<\/strong>. \u00c9 importante frisar que, os valores consideram taxas proporcionais de seguro sobre as coisas armazenadas, bem como pre\u00e7os dilu\u00eddos ao longo de no m\u00ednimo 6 meses, visto que grande parte das empresas de guarda m\u00f3veis\/self storage, ofertam promo\u00e7\u00f5es limitadas a alguns meses de aluguel, somente.<\/p>\n<p style=\"text-align: justify;\"><strong>Veja tamb\u00e9m:<\/strong><\/p>\n<ul>\n<li style=\"text-align: left;\"><a href=\"https:\/\/wistor.com.br\/blog\/qual-o-preco-de-guarda-moveis-na-zona-sul-de-sao-paulo\/\" target=\"_blank\" rel=\"noopener noreferrer\">Pre\u00e7o de guarda m\u00f3veis na zona sul de S\u00e3o Paulo<\/a><\/li>\n<li style=\"text-align: left;\"><a href=\"https:\/\/wistor.com.br\/blog\/qual-o-preco-de-guarda-moveis-na-zona-oeste-de-sao-paulo\/\" target=\"_blank\" rel=\"noopener noreferrer\">Pre\u00e7o de um guarda m\u00f3veis na zona oeste de S\u00e3o Paulo<\/a><\/li>\n<li style=\"text-align: left;\"><a href=\"https:\/\/wistor.com.br\/blog\/qual-o-preco-de-guarda-moveis-na-zona-leste-de-sao-paulo\/\" target=\"_blank\" rel=\"noopener noreferrer\">Pre\u00e7o de guarda m\u00f3veis na zona leste de S\u00e3o Paulo<\/a><\/li>\n<\/ul>\n<p style=\"text-align: justify;\">\u00c9 sempre importante ter em mente que cada empresa de guarda m\u00f3veis\/self storage possui sua maneira de expor condi\u00e7\u00f5es comerciais. Portanto, atente-se \u00e0s notas de rodap\u00e9, bem como validade do pre\u00e7o mensal ofertado e quais as condi\u00e7\u00f5es para que este seja v\u00e1lido, tais como prazo m\u00ednimo de perman\u00eancia, tamanho m\u00ednimo do &#8220;box&#8221;, entre outras coisas.<\/p>\n<p style=\"text-align: justify;\">Tamb\u00e9m, nem todas as empresas exp\u00f5em os valores de seguro no momento do or\u00e7amento, ent\u00e3o considere o fator pr\u00eamio de seguro proporcional aos valores de cobertura, no custo total do seu aluguel.<\/p>\n<p style=\"text-align: center;\">&#8211;<\/p>\n<p style=\"text-align: justify;\">Agora que voc\u00ea j\u00e1 tem uma no\u00e7\u00e3o de pre\u00e7os de guarda m\u00f3veis\/self storage na zona norte de S\u00e3o Paulo, solicite a um parceiro Wistor um\u00a0 or\u00e7amento para guardar suas coisas de maneira pr\u00e1tica e flex\u00edvel.<\/p>\n<p style=\"text-align: center;\"><strong>Tenha o or\u00e7amento ideal para guardar suas coisas<\/strong><\/p>\n<p style=\"text-align: center;\"><a class=\"maxbutton-5 maxbutton maxbutton-wisher-form-btn\" target=\"_blank\" rel=\"noopener\" href=\"https:\/\/wistor.com.br\/solicitacao\/?utm_source=blog&#038;utm_content=preco-guarda-moveis-zn-sp\"><span class='mb-text'>Solicitar Or\u00e7amento<\/span><\/a><\/p>\n","protected":false},"excerpt":{"rendered":"<p>Seguindo o roteiro de \u201cpre\u00e7os de guarda m\u00f3veis no munic\u00edpio de S\u00e3o Paulo\u201d, este post aborda os pre\u00e7os m\u00e9dios praticados na zona&hellip;<\/p>\n","protected":false},"author":1,"featured_media":2773,"comment_status":"closed","ping_status":"open","sticky":false,"template":"","format":"standard","meta":{"_lmt_disableupdate":"no","_lmt_disable":"","footnotes":""},"categories":[8,116,112,111],"tags":[69,145,22],"class_list":["post-1133","post","type-post","status-publish","format-standard","has-post-thumbnail","hentry","category-economia","category-guarda-moveis","category-precos","category-self-storage","tag-guarda-moveis","tag-guarda-moveis-zona-norte-sp","tag-self-storage"],"yoast_head":"<!-- This site is optimized with the Yoast SEO plugin v27.4 - https:\/\/yoast.com\/product\/yoast-seo-wordpress\/ -->\n<title>Qual o pre\u00e7o de um guarda m\u00f3veis e self storage na zona norte de S\u00e3o Paulo? - Wistor<\/title>\n<meta name=\"description\" content=\"Veja qual a m\u00e9dia de pre\u00e7o praticado por guarda m\u00f3veis e self storage na zona norte de S\u00e3o Paulo. Conte com conosco para obter o melhor or\u00e7amento.\" \/>\n<meta name=\"robots\" content=\"index, follow, max-snippet:-1, max-image-preview:large, max-video-preview:-1\" \/>\n<link rel=\"canonical\" href=\"https:\/\/wistor.com.br\/blog\/qual-o-preco-de-um-guarda-moveis-na-zona-norte-de-sao-paulo\/\" \/>\n<meta property=\"og:locale\" content=\"pt_BR\" \/>\n<meta property=\"og:type\" content=\"article\" \/>\n<meta property=\"og:title\" content=\"Qual o pre\u00e7o de um guarda m\u00f3veis na zona norte de S\u00e3o Paulo?\" \/>\n<meta property=\"og:description\" content=\"Veja qual a m\u00e9dia de pre\u00e7o praticado por guarda m\u00f3veis na zona norte de S\u00e3o Paulo. Conte com conosco para obter o melhor or\u00e7amento para guardar suas coisas.\" \/>\n<meta property=\"og:url\" content=\"https:\/\/wistor.com.br\/blog\/qual-o-preco-de-um-guarda-moveis-na-zona-norte-de-sao-paulo\/\" \/>\n<meta property=\"og:site_name\" content=\"Wistor\" \/>\n<meta property=\"article:publisher\" content=\"https:\/\/www.facebook.com\/wishastorage\/\" \/>\n<meta property=\"article:published_time\" content=\"2023-02-12T19:59:11+00:00\" \/>\n<meta property=\"article:modified_time\" content=\"2024-07-25T01:00:28+00:00\" \/>\n<meta property=\"og:image\" content=\"https:\/\/wistor.com.br\/blog\/wp-content\/uploads\/2018\/11\/Self_Sorage.jpg\" \/>\n\t<meta property=\"og:image:width\" content=\"1600\" \/>\n\t<meta property=\"og:image:height\" content=\"1251\" \/>\n\t<meta property=\"og:image:type\" content=\"image\/jpeg\" \/>\n<meta name=\"author\" content=\"admin\" \/>\n<meta name=\"twitter:card\" content=\"summary_large_image\" \/>\n<meta name=\"twitter:label1\" content=\"Escrito por\" \/>\n\t<meta name=\"twitter:data1\" content=\"admin\" \/>\n\t<meta name=\"twitter:label2\" content=\"Est. tempo de leitura\" \/>\n\t<meta name=\"twitter:data2\" content=\"2 minutos\" \/>\n<!-- \/ Yoast SEO plugin. -->","yoast_head_json":{"title":"Qual o pre\u00e7o de um guarda m\u00f3veis e self storage na zona norte de S\u00e3o Paulo? - Wistor","description":"Veja qual a m\u00e9dia de pre\u00e7o praticado por guarda m\u00f3veis e self storage na zona norte de S\u00e3o Paulo. Conte com conosco para obter o melhor or\u00e7amento.","robots":{"index":"index","follow":"follow","max-snippet":"max-snippet:-1","max-image-preview":"max-image-preview:large","max-video-preview":"max-video-preview:-1"},"canonical":"https:\/\/wistor.com.br\/blog\/qual-o-preco-de-um-guarda-moveis-na-zona-norte-de-sao-paulo\/","og_locale":"pt_BR","og_type":"article","og_title":"Qual o pre\u00e7o de um guarda m\u00f3veis na zona norte de S\u00e3o Paulo?","og_description":"Veja qual a m\u00e9dia de pre\u00e7o praticado por guarda m\u00f3veis na zona norte de S\u00e3o Paulo. Conte com conosco para obter o melhor or\u00e7amento para guardar suas coisas.","og_url":"https:\/\/wistor.com.br\/blog\/qual-o-preco-de-um-guarda-moveis-na-zona-norte-de-sao-paulo\/","og_site_name":"Wistor","article_publisher":"https:\/\/www.facebook.com\/wishastorage\/","article_published_time":"2023-02-12T19:59:11+00:00","article_modified_time":"2024-07-25T01:00:28+00:00","og_image":[{"width":1600,"height":1251,"url":"https:\/\/wistor.com.br\/blog\/wp-content\/uploads\/2018\/11\/Self_Sorage.jpg","type":"image\/jpeg"}],"author":"admin","twitter_card":"summary_large_image","twitter_misc":{"Escrito por":"admin","Est. tempo de leitura":"2 minutos"},"schema":{"@context":"https:\/\/schema.org","@graph":[{"@type":"Article","@id":"https:\/\/wistor.com.br\/blog\/qual-o-preco-de-um-guarda-moveis-na-zona-norte-de-sao-paulo\/#article","isPartOf":{"@id":"https:\/\/wistor.com.br\/blog\/qual-o-preco-de-um-guarda-moveis-na-zona-norte-de-sao-paulo\/"},"author":{"name":"admin","@id":"https:\/\/wistor.com.br\/blog\/#\/schema\/person\/3da76b0992cd34bb89d361e52f49d522"},"headline":"Qual o pre\u00e7o de um guarda m\u00f3veis e self storage na zona norte de S\u00e3o Paulo?","datePublished":"2023-02-12T19:59:11+00:00","dateModified":"2024-07-25T01:00:28+00:00","mainEntityOfPage":{"@id":"https:\/\/wistor.com.br\/blog\/qual-o-preco-de-um-guarda-moveis-na-zona-norte-de-sao-paulo\/"},"wordCount":414,"image":{"@id":"https:\/\/wistor.com.br\/blog\/qual-o-preco-de-um-guarda-moveis-na-zona-norte-de-sao-paulo\/#primaryimage"},"thumbnailUrl":"https:\/\/wistor.com.br\/blog\/wp-content\/uploads\/2020\/02\/Self-Storage-e-Guarda-Moveis-na-ZN-de-Sao-Paulo.png","keywords":["guarda m\u00f3veis","guarda m\u00f3veis zona norte sp","self storage"],"articleSection":["Economia","Guarda M\u00f3veis","Pre\u00e7os","Self Storage"],"inLanguage":"pt-BR"},{"@type":"WebPage","@id":"https:\/\/wistor.com.br\/blog\/qual-o-preco-de-um-guarda-moveis-na-zona-norte-de-sao-paulo\/","url":"https:\/\/wistor.com.br\/blog\/qual-o-preco-de-um-guarda-moveis-na-zona-norte-de-sao-paulo\/","name":"Qual o pre\u00e7o de um guarda m\u00f3veis e self storage na zona norte de S\u00e3o Paulo? - Wistor","isPartOf":{"@id":"https:\/\/wistor.com.br\/blog\/#website"},"primaryImageOfPage":{"@id":"https:\/\/wistor.com.br\/blog\/qual-o-preco-de-um-guarda-moveis-na-zona-norte-de-sao-paulo\/#primaryimage"},"image":{"@id":"https:\/\/wistor.com.br\/blog\/qual-o-preco-de-um-guarda-moveis-na-zona-norte-de-sao-paulo\/#primaryimage"},"thumbnailUrl":"https:\/\/wistor.com.br\/blog\/wp-content\/uploads\/2020\/02\/Self-Storage-e-Guarda-Moveis-na-ZN-de-Sao-Paulo.png","datePublished":"2023-02-12T19:59:11+00:00","dateModified":"2024-07-25T01:00:28+00:00","author":{"@id":"https:\/\/wistor.com.br\/blog\/#\/schema\/person\/3da76b0992cd34bb89d361e52f49d522"},"description":"Veja qual a m\u00e9dia de pre\u00e7o praticado por guarda m\u00f3veis e self storage na zona norte de S\u00e3o Paulo. Conte com conosco para obter o melhor or\u00e7amento.","breadcrumb":{"@id":"https:\/\/wistor.com.br\/blog\/qual-o-preco-de-um-guarda-moveis-na-zona-norte-de-sao-paulo\/#breadcrumb"},"inLanguage":"pt-BR","potentialAction":[{"@type":"ReadAction","target":["https:\/\/wistor.com.br\/blog\/qual-o-preco-de-um-guarda-moveis-na-zona-norte-de-sao-paulo\/"]}]},{"@type":"ImageObject","inLanguage":"pt-BR","@id":"https:\/\/wistor.com.br\/blog\/qual-o-preco-de-um-guarda-moveis-na-zona-norte-de-sao-paulo\/#primaryimage","url":"https:\/\/wistor.com.br\/blog\/wp-content\/uploads\/2020\/02\/Self-Storage-e-Guarda-Moveis-na-ZN-de-Sao-Paulo.png","contentUrl":"https:\/\/wistor.com.br\/blog\/wp-content\/uploads\/2020\/02\/Self-Storage-e-Guarda-Moveis-na-ZN-de-Sao-Paulo.png","width":1280,"height":853,"caption":"Self Storage e Guarda M\u00f3veis na ZN de S\u00e3o Paulo"},{"@type":"BreadcrumbList","@id":"https:\/\/wistor.com.br\/blog\/qual-o-preco-de-um-guarda-moveis-na-zona-norte-de-sao-paulo\/#breadcrumb","itemListElement":[{"@type":"ListItem","position":1,"name":"Home","item":"https:\/\/wistor.com.br\/blog\/"},{"@type":"ListItem","position":2,"name":"Qual o pre\u00e7o de um guarda m\u00f3veis e self storage na zona norte de S\u00e3o Paulo?"}]},{"@type":"WebSite","@id":"https:\/\/wistor.com.br\/blog\/#website","url":"https:\/\/wistor.com.br\/blog\/","name":"Wistor","description":"O blog inovador de empreendedorismo, setores imobili\u00e1rio e log\u00edstico.","potentialAction":[{"@type":"SearchAction","target":{"@type":"EntryPoint","urlTemplate":"https:\/\/wistor.com.br\/blog\/?s={search_term_string}"},"query-input":{"@type":"PropertyValueSpecification","valueRequired":true,"valueName":"search_term_string"}}],"inLanguage":"pt-BR"},{"@type":"Person","@id":"https:\/\/wistor.com.br\/blog\/#\/schema\/person\/3da76b0992cd34bb89d361e52f49d522","name":"admin","image":{"@type":"ImageObject","inLanguage":"pt-BR","@id":"https:\/\/secure.gravatar.com\/avatar\/7f920547566fdde8502fd0e30a5fa5518ecd4253d02fb68792e7643dd3926417?s=96&d=mm&r=g","url":"https:\/\/secure.gravatar.com\/avatar\/7f920547566fdde8502fd0e30a5fa5518ecd4253d02fb68792e7643dd3926417?s=96&d=mm&r=g","contentUrl":"https:\/\/secure.gravatar.com\/avatar\/7f920547566fdde8502fd0e30a5fa5518ecd4253d02fb68792e7643dd3926417?s=96&d=mm&r=g","caption":"admin"},"url":"https:\/\/wistor.com.br\/blog\/author\/admin\/"}]}},"_links":{"self":[{"href":"https:\/\/wistor.com.br\/blog\/wp-json\/wp\/v2\/posts\/1133","targetHints":{"allow":["GET"]}}],"collection":[{"href":"https:\/\/wistor.com.br\/blog\/wp-json\/wp\/v2\/posts"}],"about":[{"href":"https:\/\/wistor.com.br\/blog\/wp-json\/wp\/v2\/types\/post"}],"author":[{"embeddable":true,"href":"https:\/\/wistor.com.br\/blog\/wp-json\/wp\/v2\/users\/1"}],"replies":[{"embeddable":true,"href":"https:\/\/wistor.com.br\/blog\/wp-json\/wp\/v2\/comments?post=1133"}],"version-history":[{"count":32,"href":"https:\/\/wistor.com.br\/blog\/wp-json\/wp\/v2\/posts\/1133\/revisions"}],"predecessor-version":[{"id":3856,"href":"https:\/\/wistor.com.br\/blog\/wp-json\/wp\/v2\/posts\/1133\/revisions\/3856"}],"wp:featuredmedia":[{"embeddable":true,"href":"https:\/\/wistor.com.br\/blog\/wp-json\/wp\/v2\/media\/2773"}],"wp:attachment":[{"href":"https:\/\/wistor.com.br\/blog\/wp-json\/wp\/v2\/media?parent=1133"}],"wp:term":[{"taxonomy":"category","embeddable":true,"href":"https:\/\/wistor.com.br\/blog\/wp-json\/wp\/v2\/categories?post=1133"},{"taxonomy":"post_tag","embeddable":true,"href":"https:\/\/wistor.com.br\/blog\/wp-json\/wp\/v2\/tags?post=1133"}],"curies":[{"name":"wp","href":"https:\/\/api.w.org\/{rel}","templated":true}]}}