{"id":1657,"date":"2022-02-13T10:40:19","date_gmt":"2022-02-13T13:40:19","guid":{"rendered":"https:\/\/wistor.com.br\/blog\/?p=1657"},"modified":"2024-07-24T22:01:53","modified_gmt":"2024-07-25T01:01:53","slug":"qual-o-preco-de-um-guarda-moveis-e-self-storage-em-belo-horizonte","status":"publish","type":"post","link":"https:\/\/wistor.com.br\/blog\/qual-o-preco-de-um-guarda-moveis-e-self-storage-em-belo-horizonte\/","title":{"rendered":"Qual o pre\u00e7o de um guarda m\u00f3veis e self storage em Belo Horizonte?"},"content":{"rendered":"<p style=\"text-align: justify;\">Voc\u00ea que procura um &#8220;cantinho&#8221; seguro e de f\u00e1cil acesso para guardar suas coisas na capital mineira, j\u00e1 sabe quanto custa, em m\u00e9dia, o metro quadrado (m\u00b2) de um box de um guarda m\u00f3veis\/self storage?<\/p>\n<p style=\"text-align: justify;\">Se n\u00e3o, esse \u00e9 o objetivo deste post &#8211; da s\u00e9rie <strong>&#8220;Qual o pre\u00e7o de um guarda m\u00f3veis e self storage&#8221;<\/strong> em diversos munic\u00edpios e regi\u00f5es do nosso Brasil.<\/p>\n<h2 style=\"text-align: justify;\">Antes, \u00e9 bom saber<\/h2>\n<p style=\"text-align: justify;\">Sempre \u00e9 importante alertarmos nossos queridos leitores quanto a algumas premissas que as empresas de guarda m\u00f3veis\/self storage aplicam em seus or\u00e7amentos, e que nem sempre est\u00e3o evidentes aos seus prospectos.<\/p>\n<p style=\"text-align: justify;\">Premissas como, validade de pre\u00e7os promocionais (ex.: pre\u00e7os v\u00e1lidos por 6 meses, somente), valor do seguro separado do or\u00e7amento principal, pre\u00e7os menores devido \u00e0 localiza\u00e7\u00e3o das unidades mais distantes da regi\u00e3o central da cidade, entre outros.<\/p>\n<p style=\"text-align: justify;\">Em resumo, se planeje da melhor maneira com rela\u00e7\u00e3o ao espa\u00e7o de aluguel necess\u00e1rio, por quanto tempo precisar\u00e1 do box, e qual o valor aproximado das coisas para efeito de escolha da cobertura de seguro (costuma ser proporcional ao tipo de sinistro e valor de indeniza\u00e7\u00e3o das coisas).<\/p>\n<p><a href=\"https:\/\/wistor.com.br\/blog\/como-utilizar-um-self-storage\/\" target=\"_blank\" rel=\"noopener noreferrer\">Saiba como utilizar um self storage.<\/a><\/p>\n<h2 style=\"text-align: justify;\">Vamos aos valores de guarda m\u00f3veis em Belo Horizonte<\/h2>\n<p style=\"text-align: justify;\">Chegamos ao <strong>valor m\u00e9dio de R$ 90,00 m\u00b2\/m\u00eas<\/strong>, o <strong>menor valor foi de R$ 55,00<\/strong>\u00a0<strong>m\u00b2\/m\u00eas<\/strong> e, por fim, o <strong>maior valor foi de R$ 105,00 m\u00b2\/m\u00eas<\/strong>. \u00c9 importante lembrar que a m\u00e9dia desses valores mensais consideram boxes cujos espa\u00e7os oscilam entre 1 m\u00b2, 6 m\u00b2 e 12 m\u00b2 mais um valor m\u00e9dio de pr\u00eamio de seguro.<\/p>\n","protected":false},"excerpt":{"rendered":"<p>Voc\u00ea que procura um &#8220;cantinho&#8221; seguro e de f\u00e1cil acesso para guardar suas coisas na capital mineira, j\u00e1 sabe quanto custa, em&hellip;<\/p>\n","protected":false},"author":1,"featured_media":2128,"comment_status":"closed","ping_status":"open","sticky":false,"template":"","format":"standard","meta":{"_lmt_disableupdate":"no","_lmt_disable":"","footnotes":""},"categories":[8,116,112,111],"tags":[69,186,185,22],"class_list":["post-1657","post","type-post","status-publish","format-standard","has-post-thumbnail","hentry","category-economia","category-guarda-moveis","category-precos","category-self-storage","tag-guarda-moveis","tag-guarda-moveis-belo-horizonte","tag-guarda-moveis-bh","tag-self-storage"],"yoast_head":"<!-- This site is optimized with the Yoast SEO plugin v27.4 - https:\/\/yoast.com\/product\/yoast-seo-wordpress\/ -->\n<title>Qual o pre\u00e7o de um guarda m\u00f3veis e self storage em Belo Horizonte? - Wistor<\/title>\n<meta name=\"description\" content=\"A Wistor mostra qual o pre\u00e7o m\u00e9dio de um servi\u00e7o de guarda m\u00f3veis e self storage em Belo Horizonte. Boa leitura e experi\u00eancia ao guardar suas coisas.\" \/>\n<meta name=\"robots\" content=\"index, follow, max-snippet:-1, max-image-preview:large, max-video-preview:-1\" \/>\n<link rel=\"canonical\" href=\"https:\/\/wistor.com.br\/blog\/qual-o-preco-de-um-guarda-moveis-e-self-storage-em-belo-horizonte\/\" \/>\n<meta property=\"og:locale\" content=\"pt_BR\" \/>\n<meta property=\"og:type\" content=\"article\" \/>\n<meta property=\"og:title\" content=\"Qual o pre\u00e7o de um guarda m\u00f3veis e self storage em Belo Horizonte? - Wistor\" \/>\n<meta property=\"og:description\" content=\"A Wistor mostra qual o pre\u00e7o m\u00e9dio de um servi\u00e7o de guarda m\u00f3veis e self storage em Belo Horizonte. Boa leitura e experi\u00eancia ao guardar suas coisas.\" \/>\n<meta property=\"og:url\" content=\"https:\/\/wistor.com.br\/blog\/qual-o-preco-de-um-guarda-moveis-e-self-storage-em-belo-horizonte\/\" \/>\n<meta property=\"og:site_name\" content=\"Wistor\" \/>\n<meta property=\"article:publisher\" content=\"https:\/\/www.facebook.com\/wishastorage\/\" \/>\n<meta property=\"article:published_time\" content=\"2022-02-13T13:40:19+00:00\" \/>\n<meta property=\"article:modified_time\" content=\"2024-07-25T01:01:53+00:00\" \/>\n<meta property=\"og:image\" content=\"https:\/\/wistor.com.br\/blog\/wp-content\/uploads\/2019\/08\/precoguardamoveisbh.png\" \/>\n\t<meta property=\"og:image:width\" content=\"1280\" \/>\n\t<meta property=\"og:image:height\" content=\"853\" \/>\n\t<meta property=\"og:image:type\" content=\"image\/png\" \/>\n<meta name=\"author\" content=\"admin\" \/>\n<meta name=\"twitter:card\" content=\"summary_large_image\" \/>\n<meta name=\"twitter:label1\" content=\"Escrito por\" \/>\n\t<meta name=\"twitter:data1\" content=\"admin\" \/>\n\t<meta name=\"twitter:label2\" content=\"Est. tempo de leitura\" \/>\n\t<meta name=\"twitter:data2\" content=\"2 minutos\" \/>\n<!-- \/ Yoast SEO plugin. -->","yoast_head_json":{"title":"Qual o pre\u00e7o de um guarda m\u00f3veis e self storage em Belo Horizonte? - Wistor","description":"A Wistor mostra qual o pre\u00e7o m\u00e9dio de um servi\u00e7o de guarda m\u00f3veis e self storage em Belo Horizonte. Boa leitura e experi\u00eancia ao guardar suas coisas.","robots":{"index":"index","follow":"follow","max-snippet":"max-snippet:-1","max-image-preview":"max-image-preview:large","max-video-preview":"max-video-preview:-1"},"canonical":"https:\/\/wistor.com.br\/blog\/qual-o-preco-de-um-guarda-moveis-e-self-storage-em-belo-horizonte\/","og_locale":"pt_BR","og_type":"article","og_title":"Qual o pre\u00e7o de um guarda m\u00f3veis e self storage em Belo Horizonte? - Wistor","og_description":"A Wistor mostra qual o pre\u00e7o m\u00e9dio de um servi\u00e7o de guarda m\u00f3veis e self storage em Belo Horizonte. Boa leitura e experi\u00eancia ao guardar suas coisas.","og_url":"https:\/\/wistor.com.br\/blog\/qual-o-preco-de-um-guarda-moveis-e-self-storage-em-belo-horizonte\/","og_site_name":"Wistor","article_publisher":"https:\/\/www.facebook.com\/wishastorage\/","article_published_time":"2022-02-13T13:40:19+00:00","article_modified_time":"2024-07-25T01:01:53+00:00","og_image":[{"width":1280,"height":853,"url":"https:\/\/wistor.com.br\/blog\/wp-content\/uploads\/2019\/08\/precoguardamoveisbh.png","type":"image\/png"}],"author":"admin","twitter_card":"summary_large_image","twitter_misc":{"Escrito por":"admin","Est. tempo de leitura":"2 minutos"},"schema":{"@context":"https:\/\/schema.org","@graph":[{"@type":"Article","@id":"https:\/\/wistor.com.br\/blog\/qual-o-preco-de-um-guarda-moveis-e-self-storage-em-belo-horizonte\/#article","isPartOf":{"@id":"https:\/\/wistor.com.br\/blog\/qual-o-preco-de-um-guarda-moveis-e-self-storage-em-belo-horizonte\/"},"author":{"name":"admin","@id":"https:\/\/wistor.com.br\/blog\/#\/schema\/person\/3da76b0992cd34bb89d361e52f49d522"},"headline":"Qual o pre\u00e7o de um guarda m\u00f3veis e self storage em Belo Horizonte?","datePublished":"2022-02-13T13:40:19+00:00","dateModified":"2024-07-25T01:01:53+00:00","mainEntityOfPage":{"@id":"https:\/\/wistor.com.br\/blog\/qual-o-preco-de-um-guarda-moveis-e-self-storage-em-belo-horizonte\/"},"wordCount":295,"image":{"@id":"https:\/\/wistor.com.br\/blog\/qual-o-preco-de-um-guarda-moveis-e-self-storage-em-belo-horizonte\/#primaryimage"},"thumbnailUrl":"https:\/\/wistor.com.br\/blog\/wp-content\/uploads\/2019\/08\/precoguardamoveisbh.png","keywords":["guarda m\u00f3veis","guarda m\u00f3veis belo horizonte","guarda m\u00f3veis bh","self storage"],"articleSection":["Economia","Guarda M\u00f3veis","Pre\u00e7os","Self Storage"],"inLanguage":"pt-BR"},{"@type":"WebPage","@id":"https:\/\/wistor.com.br\/blog\/qual-o-preco-de-um-guarda-moveis-e-self-storage-em-belo-horizonte\/","url":"https:\/\/wistor.com.br\/blog\/qual-o-preco-de-um-guarda-moveis-e-self-storage-em-belo-horizonte\/","name":"Qual o pre\u00e7o de um guarda m\u00f3veis e self storage em Belo Horizonte? - Wistor","isPartOf":{"@id":"https:\/\/wistor.com.br\/blog\/#website"},"primaryImageOfPage":{"@id":"https:\/\/wistor.com.br\/blog\/qual-o-preco-de-um-guarda-moveis-e-self-storage-em-belo-horizonte\/#primaryimage"},"image":{"@id":"https:\/\/wistor.com.br\/blog\/qual-o-preco-de-um-guarda-moveis-e-self-storage-em-belo-horizonte\/#primaryimage"},"thumbnailUrl":"https:\/\/wistor.com.br\/blog\/wp-content\/uploads\/2019\/08\/precoguardamoveisbh.png","datePublished":"2022-02-13T13:40:19+00:00","dateModified":"2024-07-25T01:01:53+00:00","author":{"@id":"https:\/\/wistor.com.br\/blog\/#\/schema\/person\/3da76b0992cd34bb89d361e52f49d522"},"description":"A Wistor mostra qual o pre\u00e7o m\u00e9dio de um servi\u00e7o de guarda m\u00f3veis e self storage em Belo Horizonte. Boa leitura e experi\u00eancia ao guardar suas coisas.","breadcrumb":{"@id":"https:\/\/wistor.com.br\/blog\/qual-o-preco-de-um-guarda-moveis-e-self-storage-em-belo-horizonte\/#breadcrumb"},"inLanguage":"pt-BR","potentialAction":[{"@type":"ReadAction","target":["https:\/\/wistor.com.br\/blog\/qual-o-preco-de-um-guarda-moveis-e-self-storage-em-belo-horizonte\/"]}]},{"@type":"ImageObject","inLanguage":"pt-BR","@id":"https:\/\/wistor.com.br\/blog\/qual-o-preco-de-um-guarda-moveis-e-self-storage-em-belo-horizonte\/#primaryimage","url":"https:\/\/wistor.com.br\/blog\/wp-content\/uploads\/2019\/08\/precoguardamoveisbh.png","contentUrl":"https:\/\/wistor.com.br\/blog\/wp-content\/uploads\/2019\/08\/precoguardamoveisbh.png","width":1280,"height":853,"caption":"Pre\u00e7o de Guarda M\u00f3veis em BH"},{"@type":"BreadcrumbList","@id":"https:\/\/wistor.com.br\/blog\/qual-o-preco-de-um-guarda-moveis-e-self-storage-em-belo-horizonte\/#breadcrumb","itemListElement":[{"@type":"ListItem","position":1,"name":"Home","item":"https:\/\/wistor.com.br\/blog\/"},{"@type":"ListItem","position":2,"name":"Qual o pre\u00e7o de um guarda m\u00f3veis e self storage em Belo Horizonte?"}]},{"@type":"WebSite","@id":"https:\/\/wistor.com.br\/blog\/#website","url":"https:\/\/wistor.com.br\/blog\/","name":"Wistor","description":"O blog inovador de empreendedorismo, setores imobili\u00e1rio e log\u00edstico.","potentialAction":[{"@type":"SearchAction","target":{"@type":"EntryPoint","urlTemplate":"https:\/\/wistor.com.br\/blog\/?s={search_term_string}"},"query-input":{"@type":"PropertyValueSpecification","valueRequired":true,"valueName":"search_term_string"}}],"inLanguage":"pt-BR"},{"@type":"Person","@id":"https:\/\/wistor.com.br\/blog\/#\/schema\/person\/3da76b0992cd34bb89d361e52f49d522","name":"admin","image":{"@type":"ImageObject","inLanguage":"pt-BR","@id":"https:\/\/secure.gravatar.com\/avatar\/7f920547566fdde8502fd0e30a5fa5518ecd4253d02fb68792e7643dd3926417?s=96&d=mm&r=g","url":"https:\/\/secure.gravatar.com\/avatar\/7f920547566fdde8502fd0e30a5fa5518ecd4253d02fb68792e7643dd3926417?s=96&d=mm&r=g","contentUrl":"https:\/\/secure.gravatar.com\/avatar\/7f920547566fdde8502fd0e30a5fa5518ecd4253d02fb68792e7643dd3926417?s=96&d=mm&r=g","caption":"admin"},"url":"https:\/\/wistor.com.br\/blog\/author\/admin\/"}]}},"_links":{"self":[{"href":"https:\/\/wistor.com.br\/blog\/wp-json\/wp\/v2\/posts\/1657","targetHints":{"allow":["GET"]}}],"collection":[{"href":"https:\/\/wistor.com.br\/blog\/wp-json\/wp\/v2\/posts"}],"about":[{"href":"https:\/\/wistor.com.br\/blog\/wp-json\/wp\/v2\/types\/post"}],"author":[{"embeddable":true,"href":"https:\/\/wistor.com.br\/blog\/wp-json\/wp\/v2\/users\/1"}],"replies":[{"embeddable":true,"href":"https:\/\/wistor.com.br\/blog\/wp-json\/wp\/v2\/comments?post=1657"}],"version-history":[{"count":22,"href":"https:\/\/wistor.com.br\/blog\/wp-json\/wp\/v2\/posts\/1657\/revisions"}],"predecessor-version":[{"id":4646,"href":"https:\/\/wistor.com.br\/blog\/wp-json\/wp\/v2\/posts\/1657\/revisions\/4646"}],"wp:featuredmedia":[{"embeddable":true,"href":"https:\/\/wistor.com.br\/blog\/wp-json\/wp\/v2\/media\/2128"}],"wp:attachment":[{"href":"https:\/\/wistor.com.br\/blog\/wp-json\/wp\/v2\/media?parent=1657"}],"wp:term":[{"taxonomy":"category","embeddable":true,"href":"https:\/\/wistor.com.br\/blog\/wp-json\/wp\/v2\/categories?post=1657"},{"taxonomy":"post_tag","embeddable":true,"href":"https:\/\/wistor.com.br\/blog\/wp-json\/wp\/v2\/tags?post=1657"}],"curies":[{"name":"wp","href":"https:\/\/api.w.org\/{rel}","templated":true}]}}