{"id":2559,"date":"2021-01-22T17:30:13","date_gmt":"2021-01-22T20:30:13","guid":{"rendered":"https:\/\/wistor.com.br\/blog\/?p=2559"},"modified":"2021-01-23T14:56:59","modified_gmt":"2021-01-23T17:56:59","slug":"o-e-commerce-decola-na-pandemia","status":"publish","type":"post","link":"https:\/\/wistor.com.br\/blog\/o-e-commerce-decola-na-pandemia\/","title":{"rendered":"O e-commerce decola na pandemia"},"content":{"rendered":"<h2>A pandemia acelerando o e-commerce<\/h2>\n<p style=\"text-align: justify;\">A\u00a0<strong>pandemia<\/strong>\u00a0mudou rapidamente nosso comportamento em rela\u00e7\u00e3o ao universo online, e algumas mudan\u00e7as provavelmente vieram para ficar.\u00a0<strong><a href=\"https:\/\/exame.com\/noticias-sobre\/tendencias\/\" target=\"_blank\" rel=\"noopener noreferrer\">Tend\u00eancias<\/a>\u00a0<\/strong>relacionadas a como trabalhamos, aprendemos e usamos a\u00a0<strong>tecnologia<\/strong>\u00a0est\u00e3o mudando cada vez mais r\u00e1pido. Enquanto algumas j\u00e1 estavam crescendo antes mesmo deste cen\u00e1rio, vemos uma acelera\u00e7\u00e3o que levar\u00e1 a um poss\u00edvel \u201cnovo normal\u201d mesmo ap\u00f3s a crise.<\/p>\n<p><a href=\"https:\/\/wistor.com.br\/blog\/o-que-e-e-commerce-conceitos-e-vantagens\/\" target=\"_blank\" rel=\"noopener noreferrer\">O que \u00e9 e-commerce: conceitos e vantagens<\/a><\/p>\n<p style=\"text-align: justify;\">Ainda que uma rea\u00e7\u00e3o a curto prazo seja necess\u00e1ria para sobreviver, uma vis\u00e3o a longo prazo vai destacar quem ser\u00e3o os grandes l\u00edderes do mercado. O padr\u00e3o \u2014 quase que necess\u00e1rio \u2014 aponta para empresas\u00a0ousadas que investem de forma ambiciosa e oportuna em suas\u00a0<strong>plataformas de venda online<\/strong>.<\/p>\n<p><a href=\"https:\/\/wistor.com.br\/blog\/quais-os-melhores-cursos-online-de-e-commerce\/\" target=\"_blank\" rel=\"noopener noreferrer\">Quais os melhores cursos online de e-commerce?<\/a><\/p>\n<p style=\"text-align: justify;\"><span class=\"JLqJ4b ChMk0b\" data-language-for-alternatives=\"pt\" data-language-to-translate-into=\"en\" data-phrase-index=\"9\">Os esfor\u00e7os mundiais para conter o surto do novo\u00a0<a href=\"https:\/\/exame.com\/noticias-sobre\/coronavirus\/\" target=\"_blank\" rel=\"noopener noreferrer\"><strong>coronav\u00edrus<\/strong><\/a><\/span><a href=\"https:\/\/exame.com\/noticias-sobre\/coronavirus\/\"><strong><span class=\"JLqJ4b\" data-language-for-alternatives=\"pt\" data-language-to-translate-into=\"en\" data-phrase-index=\"10\">\u00a0<\/span><\/strong><\/a><span class=\"JLqJ4b ChMk0b\" data-language-for-alternatives=\"pt\" data-language-to-translate-into=\"en\" data-phrase-index=\"11\">mudou os h\u00e1bitos di\u00e1rios dos consumidores, padr\u00f5es de consumo,<\/span><span class=\"JLqJ4b\" data-language-for-alternatives=\"pt\" data-language-to-translate-into=\"en\" data-phrase-index=\"12\">\u00a0<\/span><span class=\"JLqJ4b ChMk0b\" data-language-for-alternatives=\"pt\" data-language-to-translate-into=\"en\" data-phrase-index=\"13\">e formas de pensar, resultando em um impulso para a \u201ceconomia dom\u00e9stica\u201d<\/span><span class=\"JLqJ4b\" data-language-for-alternatives=\"pt\" data-language-to-translate-into=\"en\" data-phrase-index=\"14\">\u00a0<\/span><span class=\"JLqJ4b ChMk0b\" data-language-for-alternatives=\"pt\" data-language-to-translate-into=\"en\" data-phrase-index=\"15\">e uma nova melhoria nos servi\u00e7os online que j\u00e1 vinham crescendo<\/span><span class=\"JLqJ4b ChMk0b\" data-language-for-alternatives=\"pt\" data-language-to-translate-into=\"en\" data-phrase-index=\"17\">.\u00a0Nos Estados Unidos, o crescimento do com\u00e9rcio eletr\u00f4nico em 2020 foi de 32,4%, passando para 794,5 bilh\u00f5es de d\u00f3lares.\u00a0<\/span>E no Brasil n\u00e3o foi diferente. Com um salto de quase 50% no faturamento, o com\u00e9rcio eletr\u00f4nico fez com que as empresas, tanto no \u00e2mbito nacional quanto local, se reinventassem para manter o ritmo de vendas mesmo com a pandemia.<\/p>\n<p style=\"text-align: justify;\">A necessidade e o aumento na confian\u00e7a sobre os pagamentos online levaram\u00a0<strong>7,3 milh\u00f5es de brasileiros a comprar online pela primeira vez<\/strong>\u00a0em 2020.\u00a0Segundo um levantamento Ebit\/Nielsen, o pico de compras online aconteceu entre os dias 5 de abril e 28 de junho, o que representa uma rela\u00e7\u00e3o direta com o auge do isolamento social na maioria das cidade brasileiras.<\/p>\n<p style=\"text-align: justify;\">\u201cN\u00f3s vimos milh\u00f5es de pessoas se trancando em casa e este foi o momento perfeito para experimentar o mundo online\u201d, afirma\u00a0<strong>Matteo Ceurvels<\/strong>, diretor de pesquisa da Am\u00e9rica Latina e Espanha do eMarketer. \u201cDepois que o medo inicial foi superado e nosso cart\u00e3o n\u00e3o foi clonado, as pessoas que n\u00e3o podiam sair de casa entenderam que comprar em aplicativos e sites era confi\u00e1vel e seguro\u201d.<\/p>\n<p style=\"text-align: justify;\">O momento n\u00e3o vem sem desafios. O atendimento ao cliente, o frete reverso e fraudes s\u00e3o as principais preocupa\u00e7\u00f5es das companhias.\u00a0E, depois da pandemia, tudo ter\u00e1 que funcionar em conjunto com as lojas f\u00edsicas \u2014 que ainda permanecerem abertas.\u00a0O\u00a0<strong>Magazine Luiza<\/strong>,\u00a0que investiu em uma s\u00e9rie de\u00a0startups durante a pandemia,\u00a0adaptou a fun\u00e7\u00e3o de suas lojas f\u00edsicas e registrou um um salto de 148% nas vendas digitais no terceiro trimestre de 2020, ante o mesmo per\u00edodo no ano passado. O canal digital representou dois ter\u00e7os das vendas da empresa entre julho e setembro deste ano. Para isso, a companhia treinou e criou perfis nas redes sociais e no WhatsApp para 14 mil de seus vendedores. Al\u00e9m dos resultados generosos,\u00a0as a\u00e7\u00f5es da companhia tiveram alta de 104% ao longo de 2020.<\/p>\n<p style=\"text-align: justify;\">J\u00e1 a\u00a0<strong>B2W<\/strong>, que funciona como \u201chospedeira\u201d para grandes lojas digitais como Americanas, Submarino e Shoptime, conseguiu identificar oportunidades e otimizar seu sistema multicanal, fazendo com que a companhia\u00a0encerrasse 2020 com ganhos de 21% na Bolsa. A\u00a0<strong>Via Varejo<\/strong>, dona do Ponto Frio e Casas Bahia, conseguiu reverter os preju\u00edzos de 2019, registrando lucro de R$ 590 milh\u00f5es no terceiro trimestre de 2020 \u2014 com o e-commerce correspondendo \u00e0 41% do total das vendas \u2014 e alta de 40% em suas a\u00e7\u00f5es em 2020. Al\u00e9m das gigantes, a Via Varejo tamb\u00e9m aposta na conta digital banQi e no hub de inova\u00e7\u00e3o Distrito, que comprou para entrar no universo das startups.<\/p>\n<h2 style=\"text-align: justify;\">A tend\u00eancia do e-commerce tem prazo de validade?<\/h2>\n<p style=\"text-align: justify;\">Segundo dados da empresa de servi\u00e7os financeiros\u00a0<strong>UBS<\/strong>, ainda h\u00e1 muito espa\u00e7o para o setor crescer. A companhia estima que o\u00a0faturamento global do com\u00e9rcio eletr\u00f4nico em 2020 seja de 4,1 trilh\u00f5es de d\u00f3lares, o que representaria apenas 16% do n\u00famero total de vendas. Mesmo com espa\u00e7o \u201clivre\u201d,\u00a0o crescimento turbinado pode n\u00e3o ser para sempre. O levantamento\u00a0<strong>Ebit\/Nielsen<\/strong>\u00a0mostrou que as vendas on-line no Brasil devem crescer a um ritmo menor neste ano, com uma proje\u00e7\u00e3o de alta de 26%, muito inferior aos 49% registrados em 2020.\u00a0Para Matteo, o c\u00e2mbio pode se tornar um problema. \u201cPor\u00e9m, exemplos como a\u00a0<strong>Argentina<\/strong>, em que a moeda est\u00e1 extremamente desvalorizada, vemos um crescimento forte \u2014 o maior do mundo \u2014 no e-commerce\u201d. E n\u00e3o \u00e9 \u00e0 toa.<\/p>\n<p style=\"text-align: justify;\">A Argentina \u00e9 a\u00a0<a href=\"https:\/\/exame.com\/negocios\/como-o-mercado-livre-maior-empresa-da-america-latina-surgiu-na-argentina\/\" target=\"_blank\" rel=\"noopener noreferrer\">casa da empresa mais valiosa da Am\u00e9rica Latina<\/a>, que ultrapassou gigantes como\u00a0<strong>Vale, Petrobras e Ita\u00fa Unibanco<\/strong>. O 4\u00ba site mais acessado do Brasil, tamb\u00e9m conhecido como\u00a0<strong>Mercado Livre<\/strong>,\u00a0<a href=\"https:\/\/exame.com\/mercados\/mercado-livre-e-a-empresa-mais-valiosa-da-america-latina\/\" target=\"_blank\" rel=\"noopener noreferrer\">passou a valer mais de 60 bilh\u00f5es de d\u00f3lares em 2020<\/a>. Mas seu crescimento vai muito al\u00e9m do territ\u00f3rio argentino. Durante a pandemia, o Mercado Livre lan\u00e7ou cinco novos centros log\u00edsticos no Brasil, e contratou uma frota com quatro avi\u00f5es para diminuir, cada vez mais, seu prazo de entrega.<\/p>\n<p style=\"text-align: justify;\">A\u00a0<strong>Amazon<\/strong>, empresa mais valiosa do mundo, concentra 39% das vendas online nos EUA. Aqui no Brasil, ela\u00a0ainda n\u00e3o conquistou totalmente os brasileiros \u2014 n\u00e3o no patamar que o Mercado Livre conseguiu. Pensando nisso, a companhia trouxe o programa de log\u00edstica <a href=\"https:\/\/flexsas.com\/limitacoes-fba-amazon\/\" target=\"_blank\" rel=\"noopener noreferrer\">FBA (Fulfilment By Amazon)<\/a> ao Brasil, para competir com outros marketplaces e principalmente o sistema\u00a0<strong>Mercado Envios Full<\/strong>, que existe desde 2017. Ap\u00f3s o an\u00fancio, as a\u00e7\u00f5es de e-commerce da B3 ca\u00edram at\u00e9 4% com o \u201cefeito Amazon\u201d.<\/p>\n<p style=\"text-align: justify;\"><a href=\"https:\/\/flexsas.com\/mercado-livre-mercado-envios-full\/\" target=\"_blank\" rel=\"noopener noreferrer\">Veja como funciona e quanto custa o Mercado Envios Full<\/a><\/p>\n<p style=\"text-align: justify;\">Com o novo servi\u00e7o, a\u00a0<strong>Amazon<\/strong>\u00a0pretende centralizar nos pr\u00f3prios centros de distribui\u00e7\u00e3o da companhia o armazenamento, empacotamento e envio ao consumidor final dos produtos dos vendedores do seu marketplace. E a pandemia fez com que essas grandes companhias entendessem que o Brasil n\u00e3o \u00e9 apenas S\u00e3o Paulo ou Rio de Janeiro, apontando para necessidades como novos centros de distribui\u00e7\u00e3o. Al\u00e9m do Mercado Livre, a Amazon\u00a0lan\u00e7ou seu primeiro grande centro de distribui\u00e7\u00e3o no Brasil no ano passado, em Cajamar (SP), e tem hoje oito armaz\u00e9ns em cinco estados, quatro inaugurados na pandemia.\u00a0Investimentos como estes procuram\u00a0agilizar as entregas e desafiar varejistas locais como\u00a0<strong>Magazine Luiza, B2W e Via Varejo<\/strong>.<\/p>\n<p style=\"text-align: justify;\"><a href=\"https:\/\/flexsas.com\/otimizacao-de-rede-de-armazens\/\" target=\"_blank\" rel=\"noopener noreferrer\">Veja como otimizar sua rede de distribui\u00e7\u00e3o terceirizada sem depender de marketplaces como Mercado Livre e Amazon<\/a><\/p>\n<p style=\"text-align: justify;\">Mesmo com os varejistas de\u00a0<strong>marketplaces<\/strong>\u00a0representando 78% das vendas totais do e-commerce no Brasil, Matteo ressalta que o Brasil tem o terceiro maior com\u00e9rcio em redes sociais do mundo.\u00a0No ano 2000, a internet na Am\u00e9rica Latina estava na casa de um d\u00edgito de toda a popula\u00e7\u00e3o, alcan\u00e7ando menos de 3% da popula\u00e7\u00e3o. Em menos de duas d\u00e9cadas, o n\u00famero saltou para quase 60% de pessoas com acesso \u00e0 rede mundial de computadores. O Brasil \u00e9 o pa\u00eds que mais est\u00e1 conectado nas redes sociais em toda a Am\u00e9rica Latina, com mais de 88% da popula\u00e7\u00e3o usando plataformas como Instagram, YouTube, Facebook, Twitter, Snapchat, e Linkedin. O\u00a0caso de maior sucesso \u00e9 o\u00a0<strong>WhatsApp<\/strong>, que alcan\u00e7a 85% entre os usu\u00e1rios de aplicativos de mensagens, segundo dados da\u00a0Comscore.<\/p>\n<p style=\"text-align: justify;\">\u201cDurante a pandemia, muitas pessoas recorreram \u00e0s redes sociais para vender coisas (novas e usadas) e para comprar tamb\u00e9m. \u00c9 um ecossistema\u201d, afirma. \u201cN\u00e3o precisamos esperar que grandes empresas como\u00a0<strong>Magalu<\/strong>\u00a0e\u00a0<strong>Amazon<\/strong>\u00a0tirem vantagem com essas plataformas, j\u00e1 que s\u00e3o relativamente democr\u00e1ticas. As pessoas come\u00e7aram a entender que voc\u00ea n\u00e3o precisa ter uma companhia multimilion\u00e1ria para vender online, basta fazer as plataformas conversarem \u2014 e isso \u00e9 a democratiza\u00e7\u00e3o do ecommerce\u201d.<\/p>\n<p style=\"text-align: justify;\">Artigo escrito pela <a href=\"https:\/\/exame.com\/\" target=\"_blank\" rel=\"noopener noreferrer\">Exame<\/a> em janeiro de 2021.<\/p>\n","protected":false},"excerpt":{"rendered":"<p>A pandemia acelerando o e-commerce A\u00a0pandemia\u00a0mudou rapidamente nosso comportamento em rela\u00e7\u00e3o ao universo online, e algumas mudan\u00e7as provavelmente vieram para ficar.\u00a0Tend\u00eancias\u00a0relacionadas a&hellip;<\/p>\n","protected":false},"author":1,"featured_media":2564,"comment_status":"open","ping_status":"open","sticky":false,"template":"","format":"standard","meta":{"_lmt_disableupdate":"","_lmt_disable":"","footnotes":""},"categories":[228,1,104],"tags":[337,58,368,351,369],"class_list":["post-2559","post","type-post","status-publish","format-standard","has-post-thumbnail","hentry","category-e-commerce","category-geral","category-noticias","tag-covid-19","tag-e-commerce","tag-fba","tag-fulfillment","tag-mercado-envios-full"],"yoast_head":"<!-- This site is optimized with the Yoast SEO plugin v27.4 - https:\/\/yoast.com\/product\/yoast-seo-wordpress\/ -->\n<title>O e-commerce decola na pandemia - Wistor<\/title>\n<meta name=\"description\" content=\"Apresentamos dados de crescimento do e-commerce frente \u00e0 COVID-19, al\u00e9m de evid\u00eancias de que esse \u00e9 um mercado promissor.\" \/>\n<meta name=\"robots\" content=\"index, follow, max-snippet:-1, max-image-preview:large, max-video-preview:-1\" \/>\n<link rel=\"canonical\" href=\"https:\/\/wistor.com.br\/blog\/o-e-commerce-decola-na-pandemia\/\" \/>\n<meta property=\"og:locale\" content=\"pt_BR\" \/>\n<meta property=\"og:type\" content=\"article\" \/>\n<meta property=\"og:title\" content=\"O e-commerce decola na pandemia - Wistor\" \/>\n<meta property=\"og:description\" content=\"Apresentamos dados de crescimento do e-commerce frente \u00e0 COVID-19, al\u00e9m de evid\u00eancias de que esse \u00e9 um mercado promissor.\" \/>\n<meta property=\"og:url\" content=\"https:\/\/wistor.com.br\/blog\/o-e-commerce-decola-na-pandemia\/\" \/>\n<meta property=\"og:site_name\" content=\"Wistor\" \/>\n<meta property=\"article:publisher\" content=\"https:\/\/www.facebook.com\/wishastorage\/\" \/>\n<meta property=\"article:published_time\" content=\"2021-01-22T20:30:13+00:00\" \/>\n<meta property=\"article:modified_time\" content=\"2021-01-23T17:56:59+00:00\" \/>\n<meta property=\"og:image\" content=\"https:\/\/wistor.com.br\/blog\/wp-content\/uploads\/2021\/01\/Pandemia-e-e-commerce.png\" \/>\n\t<meta property=\"og:image:width\" content=\"1280\" \/>\n\t<meta property=\"og:image:height\" content=\"853\" \/>\n\t<meta property=\"og:image:type\" content=\"image\/png\" \/>\n<meta name=\"author\" content=\"admin\" \/>\n<meta name=\"twitter:card\" content=\"summary_large_image\" \/>\n<meta name=\"twitter:label1\" content=\"Escrito por\" \/>\n\t<meta name=\"twitter:data1\" content=\"admin\" \/>\n\t<meta name=\"twitter:label2\" content=\"Est. tempo de leitura\" \/>\n\t<meta name=\"twitter:data2\" content=\"6 minutos\" \/>\n<!-- \/ Yoast SEO plugin. -->","yoast_head_json":{"title":"O e-commerce decola na pandemia - Wistor","description":"Apresentamos dados de crescimento do e-commerce frente \u00e0 COVID-19, al\u00e9m de evid\u00eancias de que esse \u00e9 um mercado promissor.","robots":{"index":"index","follow":"follow","max-snippet":"max-snippet:-1","max-image-preview":"max-image-preview:large","max-video-preview":"max-video-preview:-1"},"canonical":"https:\/\/wistor.com.br\/blog\/o-e-commerce-decola-na-pandemia\/","og_locale":"pt_BR","og_type":"article","og_title":"O e-commerce decola na pandemia - Wistor","og_description":"Apresentamos dados de crescimento do e-commerce frente \u00e0 COVID-19, al\u00e9m de evid\u00eancias de que esse \u00e9 um mercado promissor.","og_url":"https:\/\/wistor.com.br\/blog\/o-e-commerce-decola-na-pandemia\/","og_site_name":"Wistor","article_publisher":"https:\/\/www.facebook.com\/wishastorage\/","article_published_time":"2021-01-22T20:30:13+00:00","article_modified_time":"2021-01-23T17:56:59+00:00","og_image":[{"width":1280,"height":853,"url":"https:\/\/wistor.com.br\/blog\/wp-content\/uploads\/2021\/01\/Pandemia-e-e-commerce.png","type":"image\/png"}],"author":"admin","twitter_card":"summary_large_image","twitter_misc":{"Escrito por":"admin","Est. tempo de leitura":"6 minutos"},"schema":{"@context":"https:\/\/schema.org","@graph":[{"@type":"Article","@id":"https:\/\/wistor.com.br\/blog\/o-e-commerce-decola-na-pandemia\/#article","isPartOf":{"@id":"https:\/\/wistor.com.br\/blog\/o-e-commerce-decola-na-pandemia\/"},"author":{"name":"admin","@id":"https:\/\/wistor.com.br\/blog\/#\/schema\/person\/3da76b0992cd34bb89d361e52f49d522"},"headline":"O e-commerce decola na pandemia","datePublished":"2021-01-22T20:30:13+00:00","dateModified":"2021-01-23T17:56:59+00:00","mainEntityOfPage":{"@id":"https:\/\/wistor.com.br\/blog\/o-e-commerce-decola-na-pandemia\/"},"wordCount":1308,"commentCount":0,"image":{"@id":"https:\/\/wistor.com.br\/blog\/o-e-commerce-decola-na-pandemia\/#primaryimage"},"thumbnailUrl":"https:\/\/wistor.com.br\/blog\/wp-content\/uploads\/2021\/01\/Pandemia-e-e-commerce.png","keywords":["COVID-19","e-commerce","FBA","fulfillment","Mercado Envios Full"],"articleSection":["e-commerce","Geral","Not\u00edcias"],"inLanguage":"pt-BR","potentialAction":[{"@type":"CommentAction","name":"Comment","target":["https:\/\/wistor.com.br\/blog\/o-e-commerce-decola-na-pandemia\/#respond"]}]},{"@type":"WebPage","@id":"https:\/\/wistor.com.br\/blog\/o-e-commerce-decola-na-pandemia\/","url":"https:\/\/wistor.com.br\/blog\/o-e-commerce-decola-na-pandemia\/","name":"O e-commerce decola na pandemia - Wistor","isPartOf":{"@id":"https:\/\/wistor.com.br\/blog\/#website"},"primaryImageOfPage":{"@id":"https:\/\/wistor.com.br\/blog\/o-e-commerce-decola-na-pandemia\/#primaryimage"},"image":{"@id":"https:\/\/wistor.com.br\/blog\/o-e-commerce-decola-na-pandemia\/#primaryimage"},"thumbnailUrl":"https:\/\/wistor.com.br\/blog\/wp-content\/uploads\/2021\/01\/Pandemia-e-e-commerce.png","datePublished":"2021-01-22T20:30:13+00:00","dateModified":"2021-01-23T17:56:59+00:00","author":{"@id":"https:\/\/wistor.com.br\/blog\/#\/schema\/person\/3da76b0992cd34bb89d361e52f49d522"},"description":"Apresentamos dados de crescimento do e-commerce frente \u00e0 COVID-19, al\u00e9m de evid\u00eancias de que esse \u00e9 um mercado promissor.","breadcrumb":{"@id":"https:\/\/wistor.com.br\/blog\/o-e-commerce-decola-na-pandemia\/#breadcrumb"},"inLanguage":"pt-BR","potentialAction":[{"@type":"ReadAction","target":["https:\/\/wistor.com.br\/blog\/o-e-commerce-decola-na-pandemia\/"]}]},{"@type":"ImageObject","inLanguage":"pt-BR","@id":"https:\/\/wistor.com.br\/blog\/o-e-commerce-decola-na-pandemia\/#primaryimage","url":"https:\/\/wistor.com.br\/blog\/wp-content\/uploads\/2021\/01\/Pandemia-e-e-commerce.png","contentUrl":"https:\/\/wistor.com.br\/blog\/wp-content\/uploads\/2021\/01\/Pandemia-e-e-commerce.png","width":1280,"height":853,"caption":"O e-commerce decola na pandemia"},{"@type":"BreadcrumbList","@id":"https:\/\/wistor.com.br\/blog\/o-e-commerce-decola-na-pandemia\/#breadcrumb","itemListElement":[{"@type":"ListItem","position":1,"name":"Home","item":"https:\/\/wistor.com.br\/blog\/"},{"@type":"ListItem","position":2,"name":"O e-commerce decola na pandemia"}]},{"@type":"WebSite","@id":"https:\/\/wistor.com.br\/blog\/#website","url":"https:\/\/wistor.com.br\/blog\/","name":"Wistor","description":"O blog inovador de empreendedorismo, setores imobili\u00e1rio e log\u00edstico.","potentialAction":[{"@type":"SearchAction","target":{"@type":"EntryPoint","urlTemplate":"https:\/\/wistor.com.br\/blog\/?s={search_term_string}"},"query-input":{"@type":"PropertyValueSpecification","valueRequired":true,"valueName":"search_term_string"}}],"inLanguage":"pt-BR"},{"@type":"Person","@id":"https:\/\/wistor.com.br\/blog\/#\/schema\/person\/3da76b0992cd34bb89d361e52f49d522","name":"admin","image":{"@type":"ImageObject","inLanguage":"pt-BR","@id":"https:\/\/secure.gravatar.com\/avatar\/7f920547566fdde8502fd0e30a5fa5518ecd4253d02fb68792e7643dd3926417?s=96&d=mm&r=g","url":"https:\/\/secure.gravatar.com\/avatar\/7f920547566fdde8502fd0e30a5fa5518ecd4253d02fb68792e7643dd3926417?s=96&d=mm&r=g","contentUrl":"https:\/\/secure.gravatar.com\/avatar\/7f920547566fdde8502fd0e30a5fa5518ecd4253d02fb68792e7643dd3926417?s=96&d=mm&r=g","caption":"admin"},"url":"https:\/\/wistor.com.br\/blog\/author\/admin\/"}]}},"_links":{"self":[{"href":"https:\/\/wistor.com.br\/blog\/wp-json\/wp\/v2\/posts\/2559","targetHints":{"allow":["GET"]}}],"collection":[{"href":"https:\/\/wistor.com.br\/blog\/wp-json\/wp\/v2\/posts"}],"about":[{"href":"https:\/\/wistor.com.br\/blog\/wp-json\/wp\/v2\/types\/post"}],"author":[{"embeddable":true,"href":"https:\/\/wistor.com.br\/blog\/wp-json\/wp\/v2\/users\/1"}],"replies":[{"embeddable":true,"href":"https:\/\/wistor.com.br\/blog\/wp-json\/wp\/v2\/comments?post=2559"}],"version-history":[{"count":6,"href":"https:\/\/wistor.com.br\/blog\/wp-json\/wp\/v2\/posts\/2559\/revisions"}],"predecessor-version":[{"id":2566,"href":"https:\/\/wistor.com.br\/blog\/wp-json\/wp\/v2\/posts\/2559\/revisions\/2566"}],"wp:featuredmedia":[{"embeddable":true,"href":"https:\/\/wistor.com.br\/blog\/wp-json\/wp\/v2\/media\/2564"}],"wp:attachment":[{"href":"https:\/\/wistor.com.br\/blog\/wp-json\/wp\/v2\/media?parent=2559"}],"wp:term":[{"taxonomy":"category","embeddable":true,"href":"https:\/\/wistor.com.br\/blog\/wp-json\/wp\/v2\/categories?post=2559"},{"taxonomy":"post_tag","embeddable":true,"href":"https:\/\/wistor.com.br\/blog\/wp-json\/wp\/v2\/tags?post=2559"}],"curies":[{"name":"wp","href":"https:\/\/api.w.org\/{rel}","templated":true}]}}