{"id":482,"date":"2018-03-28T18:46:41","date_gmt":"2018-03-28T21:46:41","guid":{"rendered":"https:\/\/wistor.com.br\/blog\/?p=482"},"modified":"2023-07-24T17:17:49","modified_gmt":"2023-07-24T20:17:49","slug":"empresa-faliu-onde-guardar-meus-ativos","status":"publish","type":"post","link":"https:\/\/wistor.com.br\/blog\/empresa-faliu-onde-guardar-meus-ativos\/","title":{"rendered":"Fechei minha empresa, onde guardar meus ativos?"},"content":{"rendered":"<p style=\"text-align: justify;\"><span class=\"penci-dropcap-box\">O<\/span> Brasil faz parte de uma estat\u00edstica n\u00e3o t\u00e3o agrad\u00e1vel quando do ponto de vista de fal\u00eancia de empresas. Segundo o Instituto Brasileiro de Geografia e Estat\u00edstica (IBGE),\u00a0 pouco mais de 60% das empresas com mais de 5 anos de funda\u00e7\u00e3o, cancelaram suas opera\u00e7\u00f5es.<\/p>\n<p style=\"text-align: justify;\">Do total de 733,6 mil empresas que nasceram em 2010, 277,2 mil (37,8% do total) sobreviveram at\u00e9 2015 &#8211; <a href=\"http:\/\/www.valor.com.br\/brasil\/5144808\/maioria-das-empresas-fecha-portas-apos-cinco-anos-diz-ibge\" target=\"_blank\" rel=\"noopener noreferrer\">veja artigo completo<\/a>.<\/p>\n<p><strong>Dentre os motivos para as empresas \u201cquebrarem\u201d, pode-se citar:<\/strong><\/p>\n<p style=\"text-align: justify;\">1 &#8211; Mudan\u00e7as na estrutura econ\u00f4mica do Pa\u00eds;<\/p>\n<p style=\"text-align: justify;\">2 \u2013 N\u00e3o analisar devidamente o mercado em que atua \u2013 isto \u00e9, n\u00e3o resolver um problema do cliente de fato ou, n\u00e3o ter conhecimento do ambiente externo em que atua;<\/p>\n<p style=\"text-align: justify;\">3 &#8211; Falta de investimento;<\/p>\n<p style=\"text-align: justify;\">4 &#8211; Conflito entre s\u00f3cios;<\/p>\n<p style=\"text-align: justify;\">5 &#8211; Falta de funcion\u00e1rios capacitados;<\/p>\n<p style=\"text-align: justify;\">6 &#8211; N\u00e3o ter um canal de vendas efetivo;<\/p>\n<p style=\"text-align: justify;\">7 &#8211; Falta de inova\u00e7\u00e3o;<\/p>\n<p style=\"text-align: justify;\">8 &#8211; Altas cargas tribut\u00e1rias sobre os produtos e\/ou servi\u00e7os e folha salarial pesada;<\/p>\n<p style=\"text-align: justify;\">9 &#8211;\u00a0 Concorr\u00eancia acirrada, entre outros pontos.<\/p>\n<p style=\"text-align: justify;\">O fato \u00e9 que diante disso, parte das empresas que trabalham em setores tais como de presta\u00e7\u00e3o de servi\u00e7os, gastron\u00f4mico, bens de consumo, franquias, produ\u00e7\u00e3o de eventos, ind\u00fastrias, entre outros, acabam tendo que fechar suas portas, literalmente, n\u00e3o possuindo lugares f\u00edsicos para guardar suas mercadorias e, ou, ativos imobilizados enquanto n\u00e3o tomam uma decis\u00e3o. No caso destes, mesas, m\u00e1quinas, ferramentas, eletrodom\u00e9sticos, eletr\u00f4nicos, entre outros acess\u00f3rios e equipamentos.<\/p>\n<p style=\"text-align: justify;\">Nesse contexto, os empres\u00e1rios que ficam com um grande volume de bens materiais, precisam tomar uma decis\u00e3o do que fazer com essas coisas, tal como vende-las ou encontrar um lugar\u00a0 para guarda-las por um determinado tempo.<\/p>\n<p style=\"text-align: justify;\">Para aqueles que optam por vender as coisas, h\u00e1 um certo trabalho operacional em catalogar, precificar, anunciar e receber pela venda das coisas. Muitas vezes esse processo torna-se oneroso, em um momento em que o empres\u00e1rio precisa de tempo para esbo\u00e7ar novos planos de a\u00e7\u00e3o do ponto de vista profissional, n\u00e3o possuindo tempo o suficiente para elaborar a melhor abordagem em vender seus ativos imobilizados e, ou, mercadorias remanescentes.<\/p>\n<p style=\"text-align: justify;\">Contudo, h\u00e1 solu\u00e7\u00f5es tanto para que os bens das empresas rec\u00e9m-fechadas possam ser vendidos de maneira mais r\u00e1pida e profissional, quanto para a armazenagem desses bens por\u00a0um determinado per\u00edodo.<\/p>\n<h2 style=\"text-align: justify;\">Vendendo seus ativos<\/h2>\n<p style=\"text-align: justify;\">Um exemplo de solu\u00e7\u00e3o para a venda de ativos \u00e9 a empresa Liquidativos, permitindo que haja todo um processo de curadoria das coisas a serem vendidas, cataloga\u00e7\u00e3o, an\u00fancio e venda dos bens, sem onerar o tempo do empres\u00e1rio que pretende \u201cdar a volta por cima\u201d.<\/p>\n<h2 style=\"text-align: justify;\">Armazenando seus ativos<\/h2>\n<p style=\"text-align: justify;\">De fato em um momento\u00a0delicado de fechamento de portas, ningu\u00e9m quer gastar dinheiro desnecessariamente &#8211; ent\u00e3o a pergunta que o empreendedor se faz \u00e9: <strong>Onde guardar os ativos?<\/strong><\/p>\n<p style=\"text-align: justify;\">Hoje em dia o Brasil conta com uma s\u00e9rie de empresas de <a href=\"https:\/\/wistor.com.br\/blog\/self-storage-significado\/\" target=\"_blank\" rel=\"noopener noreferrer\">self storage\/guarda m\u00f3veis<\/a> que permitem que as coisas sejam guardadas com flexibilidade e a pre\u00e7os proporcionalmente baratos, isto \u00e9, paga-se somente pelo metro quadrado utilizado, com condi\u00e7\u00f5es comerciais atrativas em geral; tudo isso com burocracia reduzida.<\/p>\n<p><a href=\"https:\/\/wistor.com.br\/blog\/como-utilizar-um-self-storage\/\" target=\"_blank\" rel=\"noopener noreferrer\">Veja como utilizar um self storage<\/a>.<\/p>\n<h2>J\u00e1 pus os meus bens \u00e0 venda mas n\u00e3o tenho espa\u00e7o f\u00edsico para armazen\u00e1-los enquanto n\u00e3o surgem compradores. Onde posso guardar os ativos?<\/h2>\n<p style=\"text-align: justify;\">\u00c9 um fato que nem todos os empreendedores possuem local para deixar as coisas enquanto as vendem, e \u00e9 nesse contexto que surgem as empresas de self storage\/guarda m\u00f3veis, uma solu\u00e7\u00e3o vi\u00e1vel para a armazenagem tempor\u00e1ria das coisas, com flexibilidade em termos comerciais e operacionais. Em outras palavras, acorda-se valores justos, condi\u00e7\u00f5es de acesso, entre outros detalhes junto \u00e0 empresa, que armazenar\u00e1 os materiais enquanto est\u00e3o anunciados para venda.<\/p>\n<p style=\"text-align: center;\"><span style=\"font-size: inherit;\"><strong>Sendo assim, solicite um or\u00e7amento sem compromisso com uma empresa de self storage.<\/strong><\/span><\/p>\n<p style=\"text-align: center;\"><a class=\"maxbutton-3 maxbutton maxbutton-self-storage-form-btn\" target=\"_blank\" rel=\"noopener\" href=\"https:\/\/wistor.com.br\/solicitacao\/?utm_source=blog&#038;utm_content=guardar-ativos\"><span class='mb-text'>Solicite agora<\/span><\/a><\/p>\n","protected":false},"excerpt":{"rendered":"<p>O Brasil faz parte de uma estat\u00edstica n\u00e3o t\u00e3o agrad\u00e1vel quando do ponto de vista de fal\u00eancia de empresas. Segundo o Instituto&hellip;<\/p>\n","protected":false},"author":1,"featured_media":4002,"comment_status":"closed","ping_status":"open","sticky":false,"template":"","format":"standard","meta":{"_lmt_disableupdate":"","_lmt_disable":"","footnotes":""},"categories":[1,116,111],"tags":[59,69,67,24,22],"class_list":["post-482","post","type-post","status-publish","format-standard","has-post-thumbnail","hentry","category-geral","category-guarda-moveis","category-self-storage","tag-armazenagem","tag-guarda-moveis","tag-guarda-volumes","tag-guardar-coisas","tag-self-storage"],"yoast_head":"<!-- This site is optimized with the Yoast SEO plugin v27.4 - https:\/\/yoast.com\/product\/yoast-seo-wordpress\/ -->\n<title>Fechei minha empresa, onde guardar os ativos? - Blog Wistor<\/title>\n<meta name=\"description\" content=\"Ter que fechar uma empresa definitivamente n\u00e3o \u00e9 agrad\u00e1vel. Por\u00e9m, a Wistor pode ajudar o empreendedor com uma solu\u00e7\u00e3o para guardar os ativos restantes.\" \/>\n<meta name=\"robots\" content=\"index, follow, max-snippet:-1, max-image-preview:large, max-video-preview:-1\" \/>\n<link rel=\"canonical\" href=\"https:\/\/wistor.com.br\/blog\/empresa-faliu-onde-guardar-meus-ativos\/\" \/>\n<meta property=\"og:locale\" content=\"pt_BR\" \/>\n<meta property=\"og:type\" content=\"article\" \/>\n<meta property=\"og:title\" content=\"Fechei minha empresa, onde guardar meus ativos?\" \/>\n<meta property=\"og:description\" content=\"Ter que fechar uma empresa definitivamente n\u00e3o \u00e9 agrad\u00e1vel. Por\u00e9m, a Wistor pode ajudar o empreendedor com uma solu\u00e7\u00e3o para guardar os ativos restantes.\" \/>\n<meta property=\"og:url\" content=\"https:\/\/wistor.com.br\/blog\/empresa-faliu-onde-guardar-meus-ativos\/\" \/>\n<meta property=\"og:site_name\" content=\"Wistor\" \/>\n<meta property=\"article:publisher\" content=\"https:\/\/www.facebook.com\/wishastorage\/\" \/>\n<meta property=\"article:published_time\" content=\"2018-03-28T21:46:41+00:00\" \/>\n<meta property=\"article:modified_time\" content=\"2023-07-24T20:17:49+00:00\" \/>\n<meta property=\"og:image\" content=\"https:\/\/wistor.com.br\/blog\/wp-content\/uploads\/2018\/03\/Empreendedor-Fal\u00eancia.jpg\" \/>\n\t<meta property=\"og:image:width\" content=\"640\" \/>\n\t<meta property=\"og:image:height\" content=\"426\" \/>\n\t<meta property=\"og:image:type\" content=\"image\/jpeg\" \/>\n<meta name=\"author\" content=\"admin\" \/>\n<meta name=\"twitter:card\" content=\"summary_large_image\" \/>\n<meta name=\"twitter:label1\" content=\"Escrito por\" \/>\n\t<meta name=\"twitter:data1\" content=\"admin\" \/>\n\t<meta name=\"twitter:label2\" content=\"Est. tempo de leitura\" \/>\n\t<meta name=\"twitter:data2\" content=\"4 minutos\" \/>\n<!-- \/ Yoast SEO plugin. -->","yoast_head_json":{"title":"Fechei minha empresa, onde guardar os ativos? - Blog Wistor","description":"Ter que fechar uma empresa definitivamente n\u00e3o \u00e9 agrad\u00e1vel. Por\u00e9m, a Wistor pode ajudar o empreendedor com uma solu\u00e7\u00e3o para guardar os ativos restantes.","robots":{"index":"index","follow":"follow","max-snippet":"max-snippet:-1","max-image-preview":"max-image-preview:large","max-video-preview":"max-video-preview:-1"},"canonical":"https:\/\/wistor.com.br\/blog\/empresa-faliu-onde-guardar-meus-ativos\/","og_locale":"pt_BR","og_type":"article","og_title":"Fechei minha empresa, onde guardar meus ativos?","og_description":"Ter que fechar uma empresa definitivamente n\u00e3o \u00e9 agrad\u00e1vel. Por\u00e9m, a Wistor pode ajudar o empreendedor com uma solu\u00e7\u00e3o para guardar os ativos restantes.","og_url":"https:\/\/wistor.com.br\/blog\/empresa-faliu-onde-guardar-meus-ativos\/","og_site_name":"Wistor","article_publisher":"https:\/\/www.facebook.com\/wishastorage\/","article_published_time":"2018-03-28T21:46:41+00:00","article_modified_time":"2023-07-24T20:17:49+00:00","og_image":[{"width":640,"height":426,"url":"https:\/\/wistor.com.br\/blog\/wp-content\/uploads\/2018\/03\/Empreendedor-Fal\u00eancia.jpg","type":"image\/jpeg"}],"author":"admin","twitter_card":"summary_large_image","twitter_misc":{"Escrito por":"admin","Est. tempo de leitura":"4 minutos"},"schema":{"@context":"https:\/\/schema.org","@graph":[{"@type":"Article","@id":"https:\/\/wistor.com.br\/blog\/empresa-faliu-onde-guardar-meus-ativos\/#article","isPartOf":{"@id":"https:\/\/wistor.com.br\/blog\/empresa-faliu-onde-guardar-meus-ativos\/"},"author":{"name":"admin","@id":"https:\/\/wistor.com.br\/blog\/#\/schema\/person\/3da76b0992cd34bb89d361e52f49d522"},"headline":"Fechei minha empresa, onde guardar meus ativos?","datePublished":"2018-03-28T21:46:41+00:00","dateModified":"2023-07-24T20:17:49+00:00","mainEntityOfPage":{"@id":"https:\/\/wistor.com.br\/blog\/empresa-faliu-onde-guardar-meus-ativos\/"},"wordCount":670,"image":{"@id":"https:\/\/wistor.com.br\/blog\/empresa-faliu-onde-guardar-meus-ativos\/#primaryimage"},"thumbnailUrl":"https:\/\/wistor.com.br\/blog\/wp-content\/uploads\/2018\/03\/Onde-guardar-meus-ativos.png","keywords":["armazenagem","guarda m\u00f3veis","guarda volumes","guardar coisas","self storage"],"articleSection":["Geral","Guarda M\u00f3veis","Self Storage"],"inLanguage":"pt-BR"},{"@type":"WebPage","@id":"https:\/\/wistor.com.br\/blog\/empresa-faliu-onde-guardar-meus-ativos\/","url":"https:\/\/wistor.com.br\/blog\/empresa-faliu-onde-guardar-meus-ativos\/","name":"Fechei minha empresa, onde guardar os ativos? - Blog Wistor","isPartOf":{"@id":"https:\/\/wistor.com.br\/blog\/#website"},"primaryImageOfPage":{"@id":"https:\/\/wistor.com.br\/blog\/empresa-faliu-onde-guardar-meus-ativos\/#primaryimage"},"image":{"@id":"https:\/\/wistor.com.br\/blog\/empresa-faliu-onde-guardar-meus-ativos\/#primaryimage"},"thumbnailUrl":"https:\/\/wistor.com.br\/blog\/wp-content\/uploads\/2018\/03\/Onde-guardar-meus-ativos.png","datePublished":"2018-03-28T21:46:41+00:00","dateModified":"2023-07-24T20:17:49+00:00","author":{"@id":"https:\/\/wistor.com.br\/blog\/#\/schema\/person\/3da76b0992cd34bb89d361e52f49d522"},"description":"Ter que fechar uma empresa definitivamente n\u00e3o \u00e9 agrad\u00e1vel. Por\u00e9m, a Wistor pode ajudar o empreendedor com uma solu\u00e7\u00e3o para guardar os ativos restantes.","breadcrumb":{"@id":"https:\/\/wistor.com.br\/blog\/empresa-faliu-onde-guardar-meus-ativos\/#breadcrumb"},"inLanguage":"pt-BR","potentialAction":[{"@type":"ReadAction","target":["https:\/\/wistor.com.br\/blog\/empresa-faliu-onde-guardar-meus-ativos\/"]}]},{"@type":"ImageObject","inLanguage":"pt-BR","@id":"https:\/\/wistor.com.br\/blog\/empresa-faliu-onde-guardar-meus-ativos\/#primaryimage","url":"https:\/\/wistor.com.br\/blog\/wp-content\/uploads\/2018\/03\/Onde-guardar-meus-ativos.png","contentUrl":"https:\/\/wistor.com.br\/blog\/wp-content\/uploads\/2018\/03\/Onde-guardar-meus-ativos.png","width":1280,"height":853,"caption":"Onde guardar meus ativos"},{"@type":"BreadcrumbList","@id":"https:\/\/wistor.com.br\/blog\/empresa-faliu-onde-guardar-meus-ativos\/#breadcrumb","itemListElement":[{"@type":"ListItem","position":1,"name":"Home","item":"https:\/\/wistor.com.br\/blog\/"},{"@type":"ListItem","position":2,"name":"Fechei minha empresa, onde guardar meus ativos?"}]},{"@type":"WebSite","@id":"https:\/\/wistor.com.br\/blog\/#website","url":"https:\/\/wistor.com.br\/blog\/","name":"Wistor","description":"O blog inovador de empreendedorismo, setores imobili\u00e1rio e log\u00edstico.","potentialAction":[{"@type":"SearchAction","target":{"@type":"EntryPoint","urlTemplate":"https:\/\/wistor.com.br\/blog\/?s={search_term_string}"},"query-input":{"@type":"PropertyValueSpecification","valueRequired":true,"valueName":"search_term_string"}}],"inLanguage":"pt-BR"},{"@type":"Person","@id":"https:\/\/wistor.com.br\/blog\/#\/schema\/person\/3da76b0992cd34bb89d361e52f49d522","name":"admin","image":{"@type":"ImageObject","inLanguage":"pt-BR","@id":"https:\/\/secure.gravatar.com\/avatar\/7f920547566fdde8502fd0e30a5fa5518ecd4253d02fb68792e7643dd3926417?s=96&d=mm&r=g","url":"https:\/\/secure.gravatar.com\/avatar\/7f920547566fdde8502fd0e30a5fa5518ecd4253d02fb68792e7643dd3926417?s=96&d=mm&r=g","contentUrl":"https:\/\/secure.gravatar.com\/avatar\/7f920547566fdde8502fd0e30a5fa5518ecd4253d02fb68792e7643dd3926417?s=96&d=mm&r=g","caption":"admin"},"url":"https:\/\/wistor.com.br\/blog\/author\/admin\/"}]}},"_links":{"self":[{"href":"https:\/\/wistor.com.br\/blog\/wp-json\/wp\/v2\/posts\/482","targetHints":{"allow":["GET"]}}],"collection":[{"href":"https:\/\/wistor.com.br\/blog\/wp-json\/wp\/v2\/posts"}],"about":[{"href":"https:\/\/wistor.com.br\/blog\/wp-json\/wp\/v2\/types\/post"}],"author":[{"embeddable":true,"href":"https:\/\/wistor.com.br\/blog\/wp-json\/wp\/v2\/users\/1"}],"replies":[{"embeddable":true,"href":"https:\/\/wistor.com.br\/blog\/wp-json\/wp\/v2\/comments?post=482"}],"version-history":[{"count":34,"href":"https:\/\/wistor.com.br\/blog\/wp-json\/wp\/v2\/posts\/482\/revisions"}],"predecessor-version":[{"id":4003,"href":"https:\/\/wistor.com.br\/blog\/wp-json\/wp\/v2\/posts\/482\/revisions\/4003"}],"wp:featuredmedia":[{"embeddable":true,"href":"https:\/\/wistor.com.br\/blog\/wp-json\/wp\/v2\/media\/4002"}],"wp:attachment":[{"href":"https:\/\/wistor.com.br\/blog\/wp-json\/wp\/v2\/media?parent=482"}],"wp:term":[{"taxonomy":"category","embeddable":true,"href":"https:\/\/wistor.com.br\/blog\/wp-json\/wp\/v2\/categories?post=482"},{"taxonomy":"post_tag","embeddable":true,"href":"https:\/\/wistor.com.br\/blog\/wp-json\/wp\/v2\/tags?post=482"}],"curies":[{"name":"wp","href":"https:\/\/api.w.org\/{rel}","templated":true}]}}