{"id":712,"date":"2023-02-12T13:30:02","date_gmt":"2023-02-12T16:30:02","guid":{"rendered":"https:\/\/wistor.com.br\/blog\/?p=712"},"modified":"2024-07-24T22:01:00","modified_gmt":"2024-07-25T01:01:00","slug":"qual-o-preco-de-guarda-moveis-na-zona-oeste-de-sao-paulo","status":"publish","type":"post","link":"https:\/\/wistor.com.br\/blog\/qual-o-preco-de-guarda-moveis-na-zona-oeste-de-sao-paulo\/","title":{"rendered":"Qual o pre\u00e7o de um guarda m\u00f3veis e self storage na zona oeste de S\u00e3o Paulo?"},"content":{"rendered":"<p style=\"text-align: justify;\">Seguindo a s\u00e9rie de &#8220;pre\u00e7os de guarda m\u00f3veis por regi\u00f5es de S\u00e3o Paulo&#8221;, aqui vai mais um post que aborda os pre\u00e7os m\u00e9dios do metro quadrado (m\u00b2) de boxes na zona oeste da capital paulistana.<\/p>\n<h3 style=\"text-align: justify;\">Entenda o racional<\/h3>\n<p style=\"text-align: justify;\">Os valores expostos a seguir, representam uma m\u00e9dia do pre\u00e7o cobrado pelo metro quadrado (m\u00b2) entre diferentes empresas de guarda m\u00f3veis e self storage da zona oeste de S\u00e3o Paulo, especificamente nos bairros <strong>Jaguar\u00e9<\/strong>, <strong>Lapa<\/strong>, <strong>Butant\u00e3<\/strong> e seus entornos.<\/p>\n<p style=\"text-align: justify;\"><a href=\"https:\/\/wistor.com.br\/blog\/self-storage-significado\/\" target=\"_blank\" rel=\"noopener noreferrer\">Veja tamb\u00e9m: o que \u00e9 um self storage?<\/a><\/p>\n<p style=\"text-align: justify;\">Outro ponto a enfatizar, \u00e9 que os valores de coberturas de seguros variam de empresa para empresa, o que inclui o pr\u00eamio mensal da ap\u00f3lice, bem como o qu\u00ea de fato essas coberturas consideram (ex.: cobertura sobre eventos de roubo, inc\u00eandio, inunda\u00e7\u00e3o, etc.) e at\u00e9 que valor de indeniza\u00e7\u00e3o as seguradoras est\u00e3o dispostas a pagar em caso de sinistro.<\/p>\n<p style=\"text-align: justify;\">Al\u00e9m disso, ao optarem por um or\u00e7amento, se atentem \u00e0s &#8220;notas de rodap\u00e9s&#8221;, que costumam observar validades de promo\u00e7\u00f5es, tais como as de &#8220;50% de desconto&#8221;, bem como os prazos m\u00ednimos de aluguel para que menores pre\u00e7os sejam contratados.<\/p>\n<h4 style=\"text-align: justify;\">Pre\u00e7os<\/h4>\n<p style=\"text-align: justify;\">Por fim, vamos \u00e0 m\u00e9dia do pre\u00e7o de guarda m\u00f3veis na zona oeste de S\u00e3o Paulo. Os valores mencionados a seguir consideram pre\u00e7os de diferentes unidades de guarda m\u00f3veis\/self storage localizadas na zona oeste de S\u00e3o Paulo.<\/p>\n<p style=\"text-align: justify;\">Os boxes pesquisados possu\u00edam medidas que oscilavam entre 1, 2 e 9 m\u00b2, resultando em um <strong>valor mensal m\u00e9dio por metro quadrado de<\/strong> <strong>R$ 80*<\/strong>, onde o <strong>menor valor apurado em uma das empresas foi de R$ 60 m\u00b2\/m\u00eas<\/strong>,\u00a0 e o <strong>maior valor foi de R$ 95,00 m\u00b2\/m\u00eas.<\/strong><\/p>\n<p style=\"text-align: justify;\"><em>*Os valores consideram taxa adicional de seguro, com coberturas que variam entre R$ 1.000,00 e R$ 30.000,00<\/em><\/p>\n<p style=\"text-align: justify;\">Veja tamb\u00e9m! Al\u00e9m deste post, j\u00e1 foram abordados os <a href=\"https:\/\/wistor.com.br\/blog\/guarda-moveis-preco-sp\/\" target=\"_blank\" rel=\"noopener noreferrer\">valores m\u00e9dios de guarda m\u00f3veis\/self storage de toda a cidade de S\u00e3o Paulo<\/a>, bem como\u00a0valores de unidades das regi\u00f5es:<\/p>\n<p style=\"text-align: center;\"><a href=\"https:\/\/wistor.com.br\/blog\/qual-o-preco-de-um-guarda-moveis-na-zona-norte-de-sao-paulo\/\" target=\"_blank\" rel=\"noopener noreferrer\">Pre\u00e7os Zona Norte<\/a><br \/>\n<a href=\"https:\/\/wistor.com.br\/blog\/qual-o-preco-de-guarda-moveis-na-zona-sul-de-sao-paulo\/\" target=\"_blank\" rel=\"noopener noreferrer\">Pre\u00e7os Zona Sul<\/a><br \/>\n<a href=\"https:\/\/wistor.com.br\/blog\/qual-o-preco-de-guarda-moveis-na-zona-leste-de-sao-paulo\/\" target=\"_blank\" rel=\"noopener noreferrer\">Pre\u00e7os Zona Leste<\/a><\/p>\n<h4 style=\"text-align: justify;\">A solu\u00e7\u00e3o para guardar suas coisas<\/h4>\n<p style=\"text-align: center;\"><strong>Est\u00e1 em busca do espa\u00e7o ideal para suas coisas e quer que uma empresa de self storage\/guarda m\u00f3veis lhe envie um or\u00e7amento?<\/strong><\/p>\n<p style=\"text-align: center;\"><strong>Solicite or\u00e7amento<\/strong><\/p>\n<p style=\"text-align: center;\"><a class=\"maxbutton-3 maxbutton maxbutton-self-storage-form-btn\" target=\"_blank\" rel=\"noopener\" href=\"https:\/\/wistor.com.br\/solicitacao\/?utm_source=blog&#038;utm_content=preco-guarda-moveis-zo-sp\"><span class='mb-text'>Or\u00e7amento J\u00e1!<\/span><\/a><\/p>\n","protected":false},"excerpt":{"rendered":"<p>Seguindo a s\u00e9rie de &#8220;pre\u00e7os de guarda m\u00f3veis por regi\u00f5es de S\u00e3o Paulo&#8221;, aqui vai mais um post que aborda os pre\u00e7os&hellip;<\/p>\n","protected":false},"author":1,"featured_media":2157,"comment_status":"closed","ping_status":"open","sticky":false,"template":"","format":"standard","meta":{"_lmt_disableupdate":"no","_lmt_disable":"","footnotes":""},"categories":[8,116,112,111],"tags":[69,114,22],"class_list":["post-712","post","type-post","status-publish","format-standard","has-post-thumbnail","hentry","category-economia","category-guarda-moveis","category-precos","category-self-storage","tag-guarda-moveis","tag-guarda-moveis-zona-oeste-sp","tag-self-storage"],"yoast_head":"<!-- This site is optimized with the Yoast SEO plugin v27.4 - https:\/\/yoast.com\/product\/yoast-seo-wordpress\/ -->\n<title>Qual o pre\u00e7o de um guarda m\u00f3veis e self storage na zona oeste de S\u00e3o Paulo? - Wistor<\/title>\n<meta name=\"description\" content=\"Veja quanto custa em m\u00e9dia o pre\u00e7o de guarda m\u00f3veis e self storage na zona oeste de S\u00e3o Paulo. Solicite or\u00e7amento, sem compromisso.\" \/>\n<meta name=\"robots\" content=\"index, follow, max-snippet:-1, max-image-preview:large, max-video-preview:-1\" \/>\n<link rel=\"canonical\" href=\"https:\/\/wistor.com.br\/blog\/qual-o-preco-de-guarda-moveis-na-zona-oeste-de-sao-paulo\/\" \/>\n<meta property=\"og:locale\" content=\"pt_BR\" \/>\n<meta property=\"og:type\" content=\"article\" \/>\n<meta property=\"og:title\" content=\"Qual o pre\u00e7o de um guarda m\u00f3veis na zona oeste de S\u00e3o Paulo?\" \/>\n<meta property=\"og:description\" content=\"Veja quanto custa em m\u00e9dia o pre\u00e7o de guarda m\u00f3veis na zona oeste de S\u00e3o Paulo.\" \/>\n<meta property=\"og:url\" content=\"https:\/\/wistor.com.br\/blog\/qual-o-preco-de-guarda-moveis-na-zona-oeste-de-sao-paulo\/\" \/>\n<meta property=\"og:site_name\" content=\"Wistor\" \/>\n<meta property=\"article:publisher\" content=\"https:\/\/www.facebook.com\/wishastorage\/\" \/>\n<meta property=\"article:published_time\" content=\"2023-02-12T16:30:02+00:00\" \/>\n<meta property=\"article:modified_time\" content=\"2024-07-25T01:01:00+00:00\" \/>\n<meta property=\"og:image\" content=\"https:\/\/wistor.com.br\/blog\/wp-content\/uploads\/2018\/07\/mini-storage-2449803_640.jpg\" \/>\n\t<meta property=\"og:image:width\" content=\"480\" \/>\n\t<meta property=\"og:image:height\" content=\"640\" \/>\n\t<meta property=\"og:image:type\" content=\"image\/jpeg\" \/>\n<meta name=\"author\" content=\"admin\" \/>\n<meta name=\"twitter:card\" content=\"summary_large_image\" \/>\n<meta name=\"twitter:label1\" content=\"Escrito por\" \/>\n\t<meta name=\"twitter:data1\" content=\"admin\" \/>\n\t<meta name=\"twitter:label2\" content=\"Est. tempo de leitura\" \/>\n\t<meta name=\"twitter:data2\" content=\"3 minutos\" \/>\n<!-- \/ Yoast SEO plugin. -->","yoast_head_json":{"title":"Qual o pre\u00e7o de um guarda m\u00f3veis e self storage na zona oeste de S\u00e3o Paulo? - Wistor","description":"Veja quanto custa em m\u00e9dia o pre\u00e7o de guarda m\u00f3veis e self storage na zona oeste de S\u00e3o Paulo. Solicite or\u00e7amento, sem compromisso.","robots":{"index":"index","follow":"follow","max-snippet":"max-snippet:-1","max-image-preview":"max-image-preview:large","max-video-preview":"max-video-preview:-1"},"canonical":"https:\/\/wistor.com.br\/blog\/qual-o-preco-de-guarda-moveis-na-zona-oeste-de-sao-paulo\/","og_locale":"pt_BR","og_type":"article","og_title":"Qual o pre\u00e7o de um guarda m\u00f3veis na zona oeste de S\u00e3o Paulo?","og_description":"Veja quanto custa em m\u00e9dia o pre\u00e7o de guarda m\u00f3veis na zona oeste de S\u00e3o Paulo.","og_url":"https:\/\/wistor.com.br\/blog\/qual-o-preco-de-guarda-moveis-na-zona-oeste-de-sao-paulo\/","og_site_name":"Wistor","article_publisher":"https:\/\/www.facebook.com\/wishastorage\/","article_published_time":"2023-02-12T16:30:02+00:00","article_modified_time":"2024-07-25T01:01:00+00:00","og_image":[{"width":480,"height":640,"url":"https:\/\/wistor.com.br\/blog\/wp-content\/uploads\/2018\/07\/mini-storage-2449803_640.jpg","type":"image\/jpeg"}],"author":"admin","twitter_card":"summary_large_image","twitter_misc":{"Escrito por":"admin","Est. tempo de leitura":"3 minutos"},"schema":{"@context":"https:\/\/schema.org","@graph":[{"@type":"Article","@id":"https:\/\/wistor.com.br\/blog\/qual-o-preco-de-guarda-moveis-na-zona-oeste-de-sao-paulo\/#article","isPartOf":{"@id":"https:\/\/wistor.com.br\/blog\/qual-o-preco-de-guarda-moveis-na-zona-oeste-de-sao-paulo\/"},"author":{"name":"admin","@id":"https:\/\/wistor.com.br\/blog\/#\/schema\/person\/3da76b0992cd34bb89d361e52f49d522"},"headline":"Qual o pre\u00e7o de um guarda m\u00f3veis e self storage na zona oeste de S\u00e3o Paulo?","datePublished":"2023-02-12T16:30:02+00:00","dateModified":"2024-07-25T01:01:00+00:00","mainEntityOfPage":{"@id":"https:\/\/wistor.com.br\/blog\/qual-o-preco-de-guarda-moveis-na-zona-oeste-de-sao-paulo\/"},"wordCount":435,"image":{"@id":"https:\/\/wistor.com.br\/blog\/qual-o-preco-de-guarda-moveis-na-zona-oeste-de-sao-paulo\/#primaryimage"},"thumbnailUrl":"https:\/\/wistor.com.br\/blog\/wp-content\/uploads\/2020\/01\/precozonaoestep.png","keywords":["guarda m\u00f3veis","guarda moveis zona oeste sp","self storage"],"articleSection":["Economia","Guarda M\u00f3veis","Pre\u00e7os","Self Storage"],"inLanguage":"pt-BR"},{"@type":"WebPage","@id":"https:\/\/wistor.com.br\/blog\/qual-o-preco-de-guarda-moveis-na-zona-oeste-de-sao-paulo\/","url":"https:\/\/wistor.com.br\/blog\/qual-o-preco-de-guarda-moveis-na-zona-oeste-de-sao-paulo\/","name":"Qual o pre\u00e7o de um guarda m\u00f3veis e self storage na zona oeste de S\u00e3o Paulo? - Wistor","isPartOf":{"@id":"https:\/\/wistor.com.br\/blog\/#website"},"primaryImageOfPage":{"@id":"https:\/\/wistor.com.br\/blog\/qual-o-preco-de-guarda-moveis-na-zona-oeste-de-sao-paulo\/#primaryimage"},"image":{"@id":"https:\/\/wistor.com.br\/blog\/qual-o-preco-de-guarda-moveis-na-zona-oeste-de-sao-paulo\/#primaryimage"},"thumbnailUrl":"https:\/\/wistor.com.br\/blog\/wp-content\/uploads\/2020\/01\/precozonaoestep.png","datePublished":"2023-02-12T16:30:02+00:00","dateModified":"2024-07-25T01:01:00+00:00","author":{"@id":"https:\/\/wistor.com.br\/blog\/#\/schema\/person\/3da76b0992cd34bb89d361e52f49d522"},"description":"Veja quanto custa em m\u00e9dia o pre\u00e7o de guarda m\u00f3veis e self storage na zona oeste de S\u00e3o Paulo. Solicite or\u00e7amento, sem compromisso.","breadcrumb":{"@id":"https:\/\/wistor.com.br\/blog\/qual-o-preco-de-guarda-moveis-na-zona-oeste-de-sao-paulo\/#breadcrumb"},"inLanguage":"pt-BR","potentialAction":[{"@type":"ReadAction","target":["https:\/\/wistor.com.br\/blog\/qual-o-preco-de-guarda-moveis-na-zona-oeste-de-sao-paulo\/"]}]},{"@type":"ImageObject","inLanguage":"pt-BR","@id":"https:\/\/wistor.com.br\/blog\/qual-o-preco-de-guarda-moveis-na-zona-oeste-de-sao-paulo\/#primaryimage","url":"https:\/\/wistor.com.br\/blog\/wp-content\/uploads\/2020\/01\/precozonaoestep.png","contentUrl":"https:\/\/wistor.com.br\/blog\/wp-content\/uploads\/2020\/01\/precozonaoestep.png","width":1280,"height":853,"caption":"Pre\u00e7o de um guarda m\u00f3veis na ZO de SP"},{"@type":"BreadcrumbList","@id":"https:\/\/wistor.com.br\/blog\/qual-o-preco-de-guarda-moveis-na-zona-oeste-de-sao-paulo\/#breadcrumb","itemListElement":[{"@type":"ListItem","position":1,"name":"Home","item":"https:\/\/wistor.com.br\/blog\/"},{"@type":"ListItem","position":2,"name":"Qual o pre\u00e7o de um guarda m\u00f3veis e self storage na zona oeste de S\u00e3o Paulo?"}]},{"@type":"WebSite","@id":"https:\/\/wistor.com.br\/blog\/#website","url":"https:\/\/wistor.com.br\/blog\/","name":"Wistor","description":"O blog inovador de empreendedorismo, setores imobili\u00e1rio e log\u00edstico.","potentialAction":[{"@type":"SearchAction","target":{"@type":"EntryPoint","urlTemplate":"https:\/\/wistor.com.br\/blog\/?s={search_term_string}"},"query-input":{"@type":"PropertyValueSpecification","valueRequired":true,"valueName":"search_term_string"}}],"inLanguage":"pt-BR"},{"@type":"Person","@id":"https:\/\/wistor.com.br\/blog\/#\/schema\/person\/3da76b0992cd34bb89d361e52f49d522","name":"admin","image":{"@type":"ImageObject","inLanguage":"pt-BR","@id":"https:\/\/secure.gravatar.com\/avatar\/7f920547566fdde8502fd0e30a5fa5518ecd4253d02fb68792e7643dd3926417?s=96&d=mm&r=g","url":"https:\/\/secure.gravatar.com\/avatar\/7f920547566fdde8502fd0e30a5fa5518ecd4253d02fb68792e7643dd3926417?s=96&d=mm&r=g","contentUrl":"https:\/\/secure.gravatar.com\/avatar\/7f920547566fdde8502fd0e30a5fa5518ecd4253d02fb68792e7643dd3926417?s=96&d=mm&r=g","caption":"admin"},"url":"https:\/\/wistor.com.br\/blog\/author\/admin\/"}]}},"_links":{"self":[{"href":"https:\/\/wistor.com.br\/blog\/wp-json\/wp\/v2\/posts\/712","targetHints":{"allow":["GET"]}}],"collection":[{"href":"https:\/\/wistor.com.br\/blog\/wp-json\/wp\/v2\/posts"}],"about":[{"href":"https:\/\/wistor.com.br\/blog\/wp-json\/wp\/v2\/types\/post"}],"author":[{"embeddable":true,"href":"https:\/\/wistor.com.br\/blog\/wp-json\/wp\/v2\/users\/1"}],"replies":[{"embeddable":true,"href":"https:\/\/wistor.com.br\/blog\/wp-json\/wp\/v2\/comments?post=712"}],"version-history":[{"count":50,"href":"https:\/\/wistor.com.br\/blog\/wp-json\/wp\/v2\/posts\/712\/revisions"}],"predecessor-version":[{"id":3857,"href":"https:\/\/wistor.com.br\/blog\/wp-json\/wp\/v2\/posts\/712\/revisions\/3857"}],"wp:featuredmedia":[{"embeddable":true,"href":"https:\/\/wistor.com.br\/blog\/wp-json\/wp\/v2\/media\/2157"}],"wp:attachment":[{"href":"https:\/\/wistor.com.br\/blog\/wp-json\/wp\/v2\/media?parent=712"}],"wp:term":[{"taxonomy":"category","embeddable":true,"href":"https:\/\/wistor.com.br\/blog\/wp-json\/wp\/v2\/categories?post=712"},{"taxonomy":"post_tag","embeddable":true,"href":"https:\/\/wistor.com.br\/blog\/wp-json\/wp\/v2\/tags?post=712"}],"curies":[{"name":"wp","href":"https:\/\/api.w.org\/{rel}","templated":true}]}}